{"id":53812,"date":"2025-06-21T20:42:51","date_gmt":"2025-06-21T23:42:51","guid":{"rendered":"https:\/\/euvivoaselecao.com.br\/index.php\/2025\/06\/21\/agencia-minas-gerais-previsao-do-tempo-para-minas-gerais-nesta-segunda-feira-16-de-junho\/"},"modified":"2025-06-21T20:42:51","modified_gmt":"2025-06-21T23:42:51","slug":"agencia-minas-gerais-previsao-do-tempo-para-minas-gerais-nesta-segunda-feira-16-de-junho","status":"publish","type":"post","link":"https:\/\/euvivoaselecao.com.br\/index.php\/2025\/06\/21\/agencia-minas-gerais-previsao-do-tempo-para-minas-gerais-nesta-segunda-feira-16-de-junho\/","title":{"rendered":"Ag\u00eancia Minas Gerais | Previs\u00e3o do tempo para Minas Gerais nesta segunda-feira, 16 de junho"},"content":{"rendered":"<p><\/p>\n<div>\n<p>Segunda-feira (16\/6) de tempo est\u00e1vel e temperaturas amenas em Minas Gerais. A massa de ar frio segue atuando sobre o estado, favorecendo a forma\u00e7\u00e3o de nevoeiro ou n\u00e9voa \u00famida em pontos isolados da faixa Leste, Oeste, Regi\u00e3o Metropolitana de Belo Horizonte (RMBH) e mesmo em localidades do Norte mineiro. Ainda h\u00e1 possibilidade de forma\u00e7\u00e3o de geada na \u00e1rea serrana do Sul do estado.<\/p>\n<p>Clique aqui para conferir a previs\u00e3o completa do Instituto Nacional de Meteorologia (Inmet).<\/p>\n<\/p><\/div>\n","protected":false},"excerpt":{"rendered":"<p>Segunda-feira (16\/6) de tempo est\u00e1vel e temperaturas amenas em Minas Gerais. A massa de ar frio segue atuando sobre o<\/p>\n","protected":false},"author":1,"featured_media":0,"comment_status":"","ping_status":"","sticky":false,"template":"","format":"standard","meta":{"colormag_page_container_layout":"default_layout","colormag_page_sidebar_layout":"default_layout","footnotes":""},"categories":[1],"tags":[],"class_list":["post-53812","post","type-post","status-publish","format-standard","hentry","category-sem-categoria"],"_links":{"self":[{"href":"https:\/\/euvivoaselecao.com.br\/index.php\/wp-json\/wp\/v2\/posts\/53812","targetHints":{"allow":["GET"]}}],"collection":[{"href":"https:\/\/euvivoaselecao.com.br\/index.php\/wp-json\/wp\/v2\/posts"}],"about":[{"href":"https:\/\/euvivoaselecao.com.br\/index.php\/wp-json\/wp\/v2\/types\/post"}],"author":[{"embeddable":true,"href":"https:\/\/euvivoaselecao.com.br\/index.php\/wp-json\/wp\/v2\/users\/1"}],"replies":[{"embeddable":true,"href":"https:\/\/euvivoaselecao.com.br\/index.php\/wp-json\/wp\/v2\/comments?post=53812"}],"version-history":[{"count":0,"href":"https:\/\/euvivoaselecao.com.br\/index.php\/wp-json\/wp\/v2\/posts\/53812\/revisions"}],"wp:attachment":[{"href":"https:\/\/euvivoaselecao.com.br\/index.php\/wp-json\/wp\/v2\/media?parent=53812"}],"wp:term":[{"taxonomy":"category","embeddable":true,"href":"https:\/\/euvivoaselecao.com.br\/index.php\/wp-json\/wp\/v2\/categories?post=53812"},{"taxonomy":"post_tag","embeddable":true,"href":"https:\/\/euvivoaselecao.com.br\/index.php\/wp-json\/wp\/v2\/tags?post=53812"}],"curies":[{"name":"wp","href":"https:\/\/api.w.org\/{rel}","templated":true}]}}