{"id":53814,"date":"2025-06-21T20:44:55","date_gmt":"2025-06-21T23:44:55","guid":{"rendered":"https:\/\/euvivoaselecao.com.br\/index.php\/2025\/06\/21\/cbf-manifesta-interesse-em-trazer-copa-do-mundo-de-clubes-ao-brasil\/"},"modified":"2025-06-21T20:44:55","modified_gmt":"2025-06-21T23:44:55","slug":"cbf-manifesta-interesse-em-trazer-copa-do-mundo-de-clubes-ao-brasil","status":"publish","type":"post","link":"https:\/\/euvivoaselecao.com.br\/index.php\/2025\/06\/21\/cbf-manifesta-interesse-em-trazer-copa-do-mundo-de-clubes-ao-brasil\/","title":{"rendered":"CBF manifesta interesse em trazer Copa do Mundo de Clubes ao Brasil"},"content":{"rendered":"<p><\/p>\n<div wp_automatic_readability=\"44.519289650949\">\n<p><strong>O presidente da Confedera\u00e7\u00e3o Brasileira de Futebol (CBF), Samir Xaud, manifestou \u00e0 Federa\u00e7\u00e3o Internacional de Futebol (Fifa) interesse de realizar, no Brasil, a pr\u00f3xima Copa do Mundo de Clubes, em 2029. <\/strong>O dirigente comunicou a proposta ao presidente da Fifa, Gianni Infantino, durante encontro da C\u00fapula Executiva de Futebol da entidade m\u00e1xima da modalidade, que terminou neste s\u00e1bado (21), em Miami, nos Estados Unidos, uma das sedes da edi\u00e7\u00e3o deste ano do torneio.<\/p>\n<blockquote wp_automatic_readability=\"13\">\n<p>\u201cTudo come\u00e7ou com uma conversa de apresenta\u00e7\u00e3o. Falei dos meus objetivos \u00e0 frente da CBF e disse que queremos estar mais pr\u00f3ximos da Fifa. Elogiei o evento e o n\u00edvel dos clubes brasileiros e, por fim, coloquei o pa\u00eds \u00e0 disposi\u00e7\u00e3o para receber a pr\u00f3xima Copa do Mundo. O presidente Gianni Infantino ficou muito feliz, disse que \u00e9 totalmente poss\u00edvel. Agora vamos trabalhar para que d\u00ea certo\u201d, declarou Xaud, ao site da CBF.<\/p>\n<\/blockquote>\n<p>Xaud est\u00e1 nos Estados Unidos acompanhado do vice-presidente Gustavo Dias. A C\u00fapula Executiva de Futebol da Fifa come\u00e7ou na \u00faltima quinta-feira (19), em Miami, com dirigentes dos 211 pa\u00edses afiliados \u00e0 entidade.<\/p>\n<p><strong>Brasileir\u00e3o Feminino A3: Itabirito e Vila Nova empatam pela semifinal<\/strong><\/p>\n<p><strong>Sem p\u00f3dio por equipes, Brasil acaba Mundial de Jud\u00f4 com duas medalhas<\/strong><\/p>\n<p><strong>A primeira edi\u00e7\u00e3o de um Mundial de Clubes organizado pela Fifa, em 2000, ocorreu no Brasil, com sedes em S\u00e3o Paulo e no Rio de Janeiro. O Corinthians ficou com o t\u00edtulo da edi\u00e7\u00e3o, ao bater o Vasco nos p\u00eanaltis, no Maracan\u00e3. <\/strong><\/p>\n<p>Al\u00e9m disso, em 2027, o pa\u00eds receber\u00e1 a Copa do Mundo Feminina de sele\u00e7\u00f5es.<\/p>\n<\/div>\n","protected":false},"excerpt":{"rendered":"<p>O presidente da Confedera\u00e7\u00e3o Brasileira de Futebol (CBF), Samir Xaud, manifestou \u00e0 Federa\u00e7\u00e3o Internacional de Futebol (Fifa) interesse de realizar,<\/p>\n","protected":false},"author":2,"featured_media":0,"comment_status":"","ping_status":"","sticky":false,"template":"","format":"standard","meta":{"colormag_page_container_layout":"default_layout","colormag_page_sidebar_layout":"default_layout","footnotes":""},"categories":[],"tags":[],"class_list":["post-53814","post","type-post","status-publish","format-standard","hentry"],"_links":{"self":[{"href":"https:\/\/euvivoaselecao.com.br\/index.php\/wp-json\/wp\/v2\/posts\/53814","targetHints":{"allow":["GET"]}}],"collection":[{"href":"https:\/\/euvivoaselecao.com.br\/index.php\/wp-json\/wp\/v2\/posts"}],"about":[{"href":"https:\/\/euvivoaselecao.com.br\/index.php\/wp-json\/wp\/v2\/types\/post"}],"author":[{"embeddable":true,"href":"https:\/\/euvivoaselecao.com.br\/index.php\/wp-json\/wp\/v2\/users\/2"}],"replies":[{"embeddable":true,"href":"https:\/\/euvivoaselecao.com.br\/index.php\/wp-json\/wp\/v2\/comments?post=53814"}],"version-history":[{"count":0,"href":"https:\/\/euvivoaselecao.com.br\/index.php\/wp-json\/wp\/v2\/posts\/53814\/revisions"}],"wp:attachment":[{"href":"https:\/\/euvivoaselecao.com.br\/index.php\/wp-json\/wp\/v2\/media?parent=53814"}],"wp:term":[{"taxonomy":"category","embeddable":true,"href":"https:\/\/euvivoaselecao.com.br\/index.php\/wp-json\/wp\/v2\/categories?post=53814"},{"taxonomy":"post_tag","embeddable":true,"href":"https:\/\/euvivoaselecao.com.br\/index.php\/wp-json\/wp\/v2\/tags?post=53814"}],"curies":[{"name":"wp","href":"https:\/\/api.w.org\/{rel}","templated":true}]}}