{"id":53818,"date":"2025-06-21T22:09:12","date_gmt":"2025-06-22T01:09:12","guid":{"rendered":"https:\/\/euvivoaselecao.com.br\/index.php\/2025\/06\/21\/junior-lopes-falou-sobre-o-esquema-de-fernando-diniz-ao-canal-atencao-vascainos-veja-como-foi\/"},"modified":"2025-06-21T22:09:12","modified_gmt":"2025-06-22T01:09:12","slug":"junior-lopes-falou-sobre-o-esquema-de-fernando-diniz-ao-canal-atencao-vascainos-veja-como-foi","status":"publish","type":"post","link":"https:\/\/euvivoaselecao.com.br\/index.php\/2025\/06\/21\/junior-lopes-falou-sobre-o-esquema-de-fernando-diniz-ao-canal-atencao-vascainos-veja-como-foi\/","title":{"rendered":"J\u00fanior Lopes falou sobre o esquema de Fernando Diniz ao canal Aten\u00e7\u00e3o Vasca\u00ednos; veja como foi"},"content":{"rendered":"<p><\/p>\n<div>\n<div>\n<p>J\u00fanior Lopes falou sobre o esquema de Fernando Diniz ao canal Aten\u00e7\u00e3o Vasca\u00ednos; veja como foi<\/p>\n<p>S\u00e1bado, 21\/06\/2025  \u2013 19:21<\/p>\n<div class=\"corpo\">AO VIVO! JEAN FA\u00cdSCA RECEBE CONVIDADO ESPECIAL PARA FALAR SOBRE FERNANDO DINIZ NO VASCO. ACOMPANHE!<br \/>\n<center><\/p>\n<p><iframe loading=\"lazy\" title=\"AO VIVO! JEAN FA\u00cdSCA RECEBE CONVIDADO ESPECIAL PARA FALAR SOBRE FERNANDO DINIZ NO VASCO. ACOMPANHE!\" width=\"800\" height=\"450\" src=\"https:\/\/www.youtube.com\/embed\/u4ago2HNR18?feature=oembed\" frameborder=\"0\" allow=\"accelerometer; autoplay; clipboard-write; encrypted-media; gyroscope; picture-in-picture; web-share\" referrerpolicy=\"strict-origin-when-cross-origin\" allowfullscreen><\/iframe><\/p>\n<p><\/center><\/p>\n<p>Fonte: Youtube Aten\u00e7\u00e3o Vasca\u00ednos<\/p>\n<\/div>\n<\/div>\n<p><!-- CONTENT END 2 -->\n<\/div>\n<p><script async defer crossorigin=\"anonymous\" src=\"https:\/\/connect.facebook.net\/pt_BR\/sdk.js#xfbml=1&amp;version=v12.0&amp;appId=114327694422&amp;autoLogAppEvents=1\" nonce=\"4kp7RAsD\"><\/script><\/p>\n","protected":false},"excerpt":{"rendered":"<p>J\u00fanior Lopes falou sobre o esquema de Fernando Diniz ao canal Aten\u00e7\u00e3o Vasca\u00ednos; veja como foi S\u00e1bado, 21\/06\/2025 \u2013 19:21<\/p>\n","protected":false},"author":1,"featured_media":0,"comment_status":"","ping_status":"","sticky":false,"template":"","format":"standard","meta":{"colormag_page_container_layout":"default_layout","colormag_page_sidebar_layout":"default_layout","footnotes":""},"categories":[1],"tags":[],"class_list":["post-53818","post","type-post","status-publish","format-standard","hentry","category-sem-categoria"],"_links":{"self":[{"href":"https:\/\/euvivoaselecao.com.br\/index.php\/wp-json\/wp\/v2\/posts\/53818","targetHints":{"allow":["GET"]}}],"collection":[{"href":"https:\/\/euvivoaselecao.com.br\/index.php\/wp-json\/wp\/v2\/posts"}],"about":[{"href":"https:\/\/euvivoaselecao.com.br\/index.php\/wp-json\/wp\/v2\/types\/post"}],"author":[{"embeddable":true,"href":"https:\/\/euvivoaselecao.com.br\/index.php\/wp-json\/wp\/v2\/users\/1"}],"replies":[{"embeddable":true,"href":"https:\/\/euvivoaselecao.com.br\/index.php\/wp-json\/wp\/v2\/comments?post=53818"}],"version-history":[{"count":0,"href":"https:\/\/euvivoaselecao.com.br\/index.php\/wp-json\/wp\/v2\/posts\/53818\/revisions"}],"wp:attachment":[{"href":"https:\/\/euvivoaselecao.com.br\/index.php\/wp-json\/wp\/v2\/media?parent=53818"}],"wp:term":[{"taxonomy":"category","embeddable":true,"href":"https:\/\/euvivoaselecao.com.br\/index.php\/wp-json\/wp\/v2\/categories?post=53818"},{"taxonomy":"post_tag","embeddable":true,"href":"https:\/\/euvivoaselecao.com.br\/index.php\/wp-json\/wp\/v2\/tags?post=53818"}],"curies":[{"name":"wp","href":"https:\/\/api.w.org\/{rel}","templated":true}]}}