{"id":53819,"date":"2025-06-21T22:11:28","date_gmt":"2025-06-22T01:11:28","guid":{"rendered":"https:\/\/euvivoaselecao.com.br\/index.php\/2025\/06\/21\/iemen-ameaca-barcos-dos-eua-no-mar-vermelho-se-pais-atacar-ira\/"},"modified":"2025-06-21T22:11:28","modified_gmt":"2025-06-22T01:11:28","slug":"iemen-ameaca-barcos-dos-eua-no-mar-vermelho-se-pais-atacar-ira","status":"publish","type":"post","link":"https:\/\/euvivoaselecao.com.br\/index.php\/2025\/06\/21\/iemen-ameaca-barcos-dos-eua-no-mar-vermelho-se-pais-atacar-ira\/","title":{"rendered":"I\u00eamen amea\u00e7a barcos dos EUA no Mar Vermelho se pa\u00eds atacar Ir\u00e3"},"content":{"rendered":"<p><\/p>\n<div wp_automatic_readability=\"114.42989864865\">\n<p><strong>As For\u00e7as Armadas do I\u00eamen amea\u00e7aram neste s\u00e1bado (21) atacar barcos dos Estados Unidos (EUA) que trafeguem no Mar Vermelho caso o governo de Donald Trump decida entrar diretamente na guerra entre Israel e Ir\u00e3.<\/strong><\/p>\n<p>Em comunicado, o porta-voz do Ex\u00e9rcito do I\u00eamen, Yanya Saree, disse que os militares estar\u00e3o de prontid\u00e3o para atacar os navios comerciais e de guerra dos EUA na regi\u00e3o.<\/p>\n<blockquote wp_automatic_readability=\"11.572327044025\">\n<p>\u201cSe os americanos estiverem envolvidos com o inimigo israelense em um ataque contra o Ir\u00e3, as For\u00e7as Armadas do I\u00eamen atacar\u00e3o seus barcos e navios de guerra no Mar Vermelho. As For\u00e7as Armadas est\u00e3o acompanhando, monitorando toda as a\u00e7\u00f5es na regi\u00e3o, incluindo movimentos hostis contra nosso pa\u00eds\u201d, disse Saree em uma rede social.\u00a0<\/p>\n<p><strong>Startups buscam novas oportunidades e tecnologias na Campus Party<\/strong><\/p>\n<p><strong>Anac investiga acidente de bal\u00e3o em Santa Catarina com oito mortos<\/strong><\/p>\n<\/blockquote>\n<p>Ainda neste s\u00e1bado, a ag\u00eancia de not\u00edcias Reuters informou que bombardeiros B-2, capazes de perfurar <em>bunkers<\/em>\u00a0(estruturas geralmente subterr\u00e2neas, projetadas para proteger pessoas e equipamentos de ataques militares)\u00a0deslocam-se para a Ilha de Guam, no Pac\u00edfico, segundo autoridades americanas ouvidas pelo ve\u00edculo. A informa\u00e7\u00e3o tensiona o Oriente M\u00e9dio ante a expectativa da entrada de Washington na guerra.\u00a0<\/p>\n<p><strong>O I\u00eamen diz que apoiar\u00e1 qualquer pa\u00eds \u00e1rabe ou isl\u00e2mico que esteja exposto \u00e0 agress\u00e3o de Israel ou em apoio \u00e0 resist\u00eancia dos palestinos. \u201cN\u00e3o abandonaremos nossos irm\u00e3os na Faixa de Gaza e n\u00e3o permitiremos que esta entidade criminosa apoiada pelos Estados Unidos implemente seus planos na regi\u00e3o\u201d, acrescentou o porta-voz do governo liderado pelos <em>houthis<\/em>, no I\u00eamen.<\/strong><\/p>\n<p>Os <em>houthis<\/em> t\u00eam atacado embarca\u00e7\u00f5es no Mar Vermelho em solidariedade aos palestinos na Faixa de Gaza, al\u00e9m de lan\u00e7arem, eventualmente, m\u00edsseis em dire\u00e7\u00e3o a Israel. Em maio, os <em>houthis<\/em> fecharam acordo com os Estados Unidos para n\u00e3o atacar navios daquele pa\u00eds, limitando sua a\u00e7\u00e3o contra embarca\u00e7\u00f5es israelenses.<\/p>\n<h2>Bombardeios B-2<\/h2>\n<p>Segundo a Reuters e outros ve\u00edculos internacionais, como o <em>New York Times<\/em>, avi\u00f5es B-2, que podem transportar armamentos capazes de destruir alvos subterr\u00e2neos profundos, est\u00e3o sendo deslocados para o Pac\u00edfico. Especialistas alertam que tais aeronaves poderiam ser usadas para atingir instala\u00e7\u00f5es do programa nuclear do Ir\u00e3.<\/p>\n<p><strong>Ana Cristina lidera vit\u00f3ria brasileira pela Liga das Na\u00e7\u00f5es de v\u00f4lei<\/strong><\/p>\n<p><strong>T\u00eanis de mesa: Calderano busca dois t\u00edtulos em torneio na Eslov\u00eania<\/strong><\/p>\n<p>Donald Trump disse que decidiria, em at\u00e9 duas semanas, a posi\u00e7\u00e3o dos EUA de entrar, ou n\u00e3o, diretamente na guerra entre Israel e Ir\u00e3.<\/p>\n<p>Enquanto isso, Tel-Aviv informou neste s\u00e1bado que assassinou o comandante da For\u00e7a Quds do Ir\u00e3, Behnam Shariyari, que cuida das rela\u00e7\u00f5es com mil\u00edcias apoiadas pelo pa\u00eds no Oriente M\u00e9dio, como o Hezbollah e o Hamas.<\/p>\n<p>Israel ainda informou que bombardeou novamente a unidade nuclear na prov\u00edncia de Isfahan. Esta \u00e9 a quinta instala\u00e7\u00e3o do programa nuclear do Ir\u00e3 atacada por Israel. A Ag\u00eancia Internacional de Energia At\u00f4mica (AIEA) informou que, apesar de, por enquanto, n\u00e3o ter identificado vazamentos radioativos, h\u00e1 riscos de vazamentos com graves consequ\u00eancias, n\u00e3o s\u00f3 para o Ir\u00e3, mas para pa\u00edses vizinhos.\u00a0<\/p>\n<p>A guerra entre Israel e Ir\u00e3 entra no nono dia, com a morte de mais de 430 iranianos e cerca de 30 israelenses, segundo estimativas oficiais dos dois pa\u00edses.<\/p>\n<h2>Conflito<\/h2>\n<p><strong>Acusando o Ir\u00e3 de estar pr\u00f3ximo de desenvolver uma arma nuclear, Israel lan\u00e7ou um ataque surpresa contra o pa\u00eds no \u00faltimo dia 13, expandindo a guerra no Oriente M\u00e9dio.<\/strong><\/p>\n<p>O Ir\u00e3 afirma que seu programa nuclear \u00e9 apenas para fins pac\u00edficos e que estava no meio de uma negocia\u00e7\u00e3o com os Estados Unidos para estabelecer acordos que garantissem o cumprimento do Tratado de N\u00e3o Prolifera\u00e7\u00e3o de Armas Nucleares, do qual Ir\u00e3 \u00e9 signat\u00e1rio.\u00a0<\/p>\n<p>No entanto, a AIEA vinha acusando o Ir\u00e3 de n\u00e3o cumprir todas suas obriga\u00e7\u00f5es, apesar de reconhecer que n\u00e3o tem provas de que o pa\u00eds estaria construindo uma bomba at\u00f4mica. O Ir\u00e3 acusa a ag\u00eancia de agir \u201cpoliticamente motivada\u201d e dirigida pelas pot\u00eancias ocidentais, como EUA, Fran\u00e7a e Gr\u00e3-Bretanha, que t\u00eam apoiado Israel na guerra contra Teer\u00e3.\u00a0<\/p>\n<p>Em mar\u00e7o, o setor de Intelig\u00eancia dos Estados Unidos afirmou que o Ir\u00e3 n\u00e3o estava construindo armas nucleares, informa\u00e7\u00e3o que agora \u00e9 questionada pelo pr\u00f3prio presidente Donald Trump. \u00a0<\/p>\n<p>Apesar de Israel n\u00e3o aceitar que o Ir\u00e3 tenha armas nucleares, diversas fontes ao longo da hist\u00f3ria indicaram que o pa\u00eds mant\u00e9m um amplo\u00a0programa nuclear secreto\u00a0desde a d\u00e9cada de 1950. Tal projeto teria desenvolvido pelo menos 90 ogivas at\u00f4micas.\u00a0<\/p>\n<\/div>\n","protected":false},"excerpt":{"rendered":"<p>As For\u00e7as Armadas do I\u00eamen amea\u00e7aram neste s\u00e1bado (21) atacar barcos dos Estados Unidos (EUA) que trafeguem no Mar Vermelho<\/p>\n","protected":false},"author":2,"featured_media":0,"comment_status":"","ping_status":"","sticky":false,"template":"","format":"standard","meta":{"colormag_page_container_layout":"default_layout","colormag_page_sidebar_layout":"default_layout","footnotes":""},"categories":[],"tags":[],"class_list":["post-53819","post","type-post","status-publish","format-standard","hentry"],"_links":{"self":[{"href":"https:\/\/euvivoaselecao.com.br\/index.php\/wp-json\/wp\/v2\/posts\/53819","targetHints":{"allow":["GET"]}}],"collection":[{"href":"https:\/\/euvivoaselecao.com.br\/index.php\/wp-json\/wp\/v2\/posts"}],"about":[{"href":"https:\/\/euvivoaselecao.com.br\/index.php\/wp-json\/wp\/v2\/types\/post"}],"author":[{"embeddable":true,"href":"https:\/\/euvivoaselecao.com.br\/index.php\/wp-json\/wp\/v2\/users\/2"}],"replies":[{"embeddable":true,"href":"https:\/\/euvivoaselecao.com.br\/index.php\/wp-json\/wp\/v2\/comments?post=53819"}],"version-history":[{"count":0,"href":"https:\/\/euvivoaselecao.com.br\/index.php\/wp-json\/wp\/v2\/posts\/53819\/revisions"}],"wp:attachment":[{"href":"https:\/\/euvivoaselecao.com.br\/index.php\/wp-json\/wp\/v2\/media?parent=53819"}],"wp:term":[{"taxonomy":"category","embeddable":true,"href":"https:\/\/euvivoaselecao.com.br\/index.php\/wp-json\/wp\/v2\/categories?post=53819"},{"taxonomy":"post_tag","embeddable":true,"href":"https:\/\/euvivoaselecao.com.br\/index.php\/wp-json\/wp\/v2\/tags?post=53819"}],"curies":[{"name":"wp","href":"https:\/\/api.w.org\/{rel}","templated":true}]}}