{"id":53831,"date":"2025-06-22T01:39:55","date_gmt":"2025-06-22T04:39:55","guid":{"rendered":"https:\/\/euvivoaselecao.com.br\/index.php\/2025\/06\/22\/apocalipse-daniel-mastral-previu-guerra-entre-ira-e-israel-com-envolvimento-dos-eua\/"},"modified":"2025-06-22T01:39:55","modified_gmt":"2025-06-22T04:39:55","slug":"apocalipse-daniel-mastral-previu-guerra-entre-ira-e-israel-com-envolvimento-dos-eua","status":"publish","type":"post","link":"https:\/\/euvivoaselecao.com.br\/index.php\/2025\/06\/22\/apocalipse-daniel-mastral-previu-guerra-entre-ira-e-israel-com-envolvimento-dos-eua\/","title":{"rendered":"Apocalipse; Daniel Mastral previu Guerra entre Ir\u00e3 e Israel com envolvimento dos EUA"},"content":{"rendered":"<p><\/p>\n<div wp_automatic_readability=\"87.684466019417\">\n<h2>A Profecia Se Cumpre? Guerra entre Ir\u00e3 e Israel ganha for\u00e7a com envolvimento dos EUA<\/h2>\n<p>Nesta semana, as manchetes do mundo confirmaram o que parecia improv\u00e1vel para muitos: <strong>Israel e Ir\u00e3<\/strong> entraram em confronto direto, com <strong>envolvimento estrat\u00e9gico dos Estados Unidos<\/strong>, exatamente como alertado por <strong>Daniel Mastral<\/strong> em suas \u00faltimas falas antes de falecer.<\/p>\n<p>Em um de seus v\u00eddeos mais compartilhados nas redes, Mastral destacou que <strong>\u201cuma grande guerra come\u00e7aria entre Israel e Ir\u00e3, com os Estados Unidos apoiando militarmente o cen\u00e1rio\u201d<\/strong>, e que essa guerra seria o <strong>marco para um per\u00edodo de falsa paz mundial<\/strong> \u2014 um tipo de calmaria que enganaria as na\u00e7\u00f5es e as pessoas.<\/p>\n<blockquote class=\"instagram-media\" data-instgrm-captioned=\"\" data-instgrm-permalink=\"https:\/\/www.instagram.com\/p\/DLJEY6LyKEM\/?utm_source=ig_embed&amp;utm_campaign=loading\" data-instgrm-version=\"14\" style=\" background:#FFF; border:0; border-radius:3px; box-shadow:0 0 1px 0 rgba(0,0,0,0.5),0 1px 10px 0 rgba(0,0,0,0.15); margin: 1px; max-width:658px; min-width:326px; padding:0; width:99.375%; width:-webkit-calc(100% - 2px); width:calc(100% - 2px);\" wp_automatic_readability=\"-0.14396887159533\">\n<\/blockquote>\n<p>\u00a0<\/p>\n<hr>\n<h2>\ud83c\udf0d O cen\u00e1rio atual<\/h2>\n<p>Segundo fontes internacionais, o conflito entre <strong>Ir\u00e3 e Israel<\/strong> j\u00e1 extrapolou as amea\u00e7as e escalou para <strong>a\u00e7\u00f5es militares diretas<\/strong>, com o <strong>apoio declarado dos Estados Unidos a Israel<\/strong>. As tens\u00f5es aumentaram ap\u00f3s ataques a\u00e9reos, san\u00e7\u00f5es e movimenta\u00e7\u00f5es militares no Oriente M\u00e9dio. O mundo agora observa atento, temendo uma escalada para um conflito de propor\u00e7\u00f5es globais.<\/p>\n<p><strong>Fingimento em Vale Tudo; Leonardo \u00e9 t\u00e3o safado que faz Odete Roitman de ot\u00e1ria<\/strong><\/p>\n<p><strong>Francisco Cuoco morre aos 91 anos; ator enfrentava complica\u00e7\u00f5es de sa\u00fade<\/strong><\/p>\n<hr>\n<h2>\u271d\ufe0f O alerta espiritual de Mastral<\/h2>\n<p>Para os seguidores de Daniel Mastral, o momento atual \u00e9 a <strong>confirma\u00e7\u00e3o das profecias<\/strong> que ele vinha anunciando:<\/p>\n<blockquote wp_automatic_readability=\"8\">\n<p>\u201cDepois dessa guerra, vir\u00e1 uma paz mundial enganosa. Muitos achar\u00e3o que \u00e9 o fim dos problemas, mas ser\u00e1 s\u00f3 o come\u00e7o de algo muito maior e mais sombrio.\u201d<\/p>\n<\/blockquote>\n<p>A frase, dita meses antes de seu falecimento, circula hoje em grupos religiosos e perfis prof\u00e9ticos nas redes sociais. Para eles, a atual guerra seria o \u201c<strong>gatilho espiritual e prof\u00e9tico<\/strong>\u201d para eventos globais j\u00e1 mencionados nas Escrituras, principalmente nas vis\u00f5es apocal\u00edpticas.<\/p>\n<hr>\n<h2>\ud83e\udded Reflex\u00e3o: Coincid\u00eancia ou advert\u00eancia?<\/h2>\n<ul>\n<li>Muitos veem as palavras de Mastral como <strong>advert\u00eancias s\u00e9rias<\/strong>, embasadas em suas viv\u00eancias e leituras b\u00edblicas.<\/li>\n<li>Outros preferem interpretar os fatos como <strong>coincid\u00eancias pol\u00edticas<\/strong>, t\u00edpicas de um mundo em constante tens\u00e3o.<\/li>\n<\/ul>\n<p>Mas, com a guerra acontecendo agora, a previs\u00e3o de Daniel Mastral ganha novo peso e chama aten\u00e7\u00e3o at\u00e9 mesmo de quem antes o ignorava.<\/p>\n<hr>\n<p>Se desejar, posso atualizar esse artigo com detalhes sobre os \u00faltimos desdobramentos do conflito Ir\u00e3-Israel, declara\u00e7\u00f5es do governo dos EUA ou incluir uma linha do tempo comparando as falas de Mastral com os eventos reais. Quer que eu adicione isso?<\/p>\n<p>O post do Instagram relacionado ao falecimento de <strong>Daniel Mastral<\/strong>, ex-satanista convertido ao cristianismo, traz informa\u00e7\u00f5es impactantes sobre as suas \u00faltimas advert\u00eancias. Aqui est\u00e1 um artigo detalhado sobre o conte\u00fado:<\/p>\n<hr>\n<h2>\ud83d\udd4a\ufe0f Quem foi Daniel Mastral?<\/h2>\n<p>Daniel Mastral foi um escritor brasileiro e, durante sua juventude, esteve envolvido com o satanismo. Posteriormente, converteu-se ao cristianismo, expressando forte rep\u00fadio \u00e0 sua antiga vida e dedicando-se a escrever livros e pregar sobre sua transforma\u00e7\u00e3o espiritual.<\/p>\n<hr>\n<h2>\u26a0\ufe0f As advert\u00eancias finais<\/h2>\n<p>Antes de falecer, Mastral fez v\u00e1rias alertas que ganharam repercuss\u00e3o nas redes:<\/p>\n<ol>\n<li><strong>Poss\u00edvel grande guerra<\/strong> envolvendo <strong>Israel, Ir\u00e3 e Estados Unidos<\/strong>.<\/li>\n<li>Um cen\u00e1rio que culminaria num per\u00edodo de <strong>\u201cpaz global falsa\u201d<\/strong>, enganosa e tempor\u00e1ria (instagram.com).<\/li>\n<\/ol>\n<p>Sua mensagem era de urg\u00eancia: segundo ele, esses eventos preparariam o mundo para um falso sentimento de seguran\u00e7a, mascarando inten\u00e7\u00f5es maiores por tr\u00e1s dessa ordem aparente.<\/p>\n<hr>\n<h2>\ud83d\udd0e Contexto e repercuss\u00e3o<\/h2>\n<p>O conte\u00fado do story\/reel no Instagram destaca exatamente essa linha de pensamento, reiterando que as profecias de Mastral serviam como <strong>advert\u00eancia espiritual<\/strong> sobre confrontos geopol\u00edticos intensos. O tom enfatizava que muitos seriam pegos de surpresa ao ver uma paz ilus\u00f3ria ap\u00f3s uma guerra devastadora .<\/p>\n<hr>\n<h2>\u270d\ufe0f Reflex\u00e3o final<\/h2>\n<ul>\n<li>Seja l\u00e1 o que voc\u00ea acredita \u2014 profecias, espiritualidade, an\u00e1lises geopol\u00edticas \u2014 o alerta de Daniel Mastral sobre uma guerra entre pot\u00eancias e uma paz enganosa chama a aten\u00e7\u00e3o.<\/li>\n<li>Em um mundo marcado por tens\u00f5es pol\u00edticas e religiosas, vale a pena analisar o real significado dessas advert\u00eancias: s\u00e3o previs\u00f5es prof\u00e9ticas ou met\u00e1foras para chamar a aten\u00e7\u00e3o sobre crises iminentes?<\/li>\n<\/ul>\n<p><!-- CONTENT END 3 --><\/p><\/div>\n<p><script async src=\"\/\/www.instagram.com\/embed.js\"><\/script><\/p>\n","protected":false},"excerpt":{"rendered":"<p>A Profecia Se Cumpre? Guerra entre Ir\u00e3 e Israel ganha for\u00e7a com envolvimento dos EUA Nesta semana, as manchetes do<\/p>\n","protected":false},"author":2,"featured_media":0,"comment_status":"","ping_status":"","sticky":false,"template":"","format":"standard","meta":{"colormag_page_container_layout":"default_layout","colormag_page_sidebar_layout":"default_layout","footnotes":""},"categories":[],"tags":[],"class_list":["post-53831","post","type-post","status-publish","format-standard","hentry"],"_links":{"self":[{"href":"https:\/\/euvivoaselecao.com.br\/index.php\/wp-json\/wp\/v2\/posts\/53831","targetHints":{"allow":["GET"]}}],"collection":[{"href":"https:\/\/euvivoaselecao.com.br\/index.php\/wp-json\/wp\/v2\/posts"}],"about":[{"href":"https:\/\/euvivoaselecao.com.br\/index.php\/wp-json\/wp\/v2\/types\/post"}],"author":[{"embeddable":true,"href":"https:\/\/euvivoaselecao.com.br\/index.php\/wp-json\/wp\/v2\/users\/2"}],"replies":[{"embeddable":true,"href":"https:\/\/euvivoaselecao.com.br\/index.php\/wp-json\/wp\/v2\/comments?post=53831"}],"version-history":[{"count":0,"href":"https:\/\/euvivoaselecao.com.br\/index.php\/wp-json\/wp\/v2\/posts\/53831\/revisions"}],"wp:attachment":[{"href":"https:\/\/euvivoaselecao.com.br\/index.php\/wp-json\/wp\/v2\/media?parent=53831"}],"wp:term":[{"taxonomy":"category","embeddable":true,"href":"https:\/\/euvivoaselecao.com.br\/index.php\/wp-json\/wp\/v2\/categories?post=53831"},{"taxonomy":"post_tag","embeddable":true,"href":"https:\/\/euvivoaselecao.com.br\/index.php\/wp-json\/wp\/v2\/tags?post=53831"}],"curies":[{"name":"wp","href":"https:\/\/api.w.org\/{rel}","templated":true}]}}