{"id":53876,"date":"2025-06-22T14:59:53","date_gmt":"2025-06-22T17:59:53","guid":{"rendered":"https:\/\/euvivoaselecao.com.br\/index.php\/2025\/06\/22\/prefeitura-de-joao-pessoa-suspende-acao-de-vacinacao-no-feriado-junino\/"},"modified":"2025-06-22T14:59:53","modified_gmt":"2025-06-22T17:59:53","slug":"prefeitura-de-joao-pessoa-suspende-acao-de-vacinacao-no-feriado-junino","status":"publish","type":"post","link":"https:\/\/euvivoaselecao.com.br\/index.php\/2025\/06\/22\/prefeitura-de-joao-pessoa-suspende-acao-de-vacinacao-no-feriado-junino\/","title":{"rendered":"Prefeitura de Jo\u00e3o Pessoa suspende a\u00e7\u00e3o de vacina\u00e7\u00e3o no feriado junino"},"content":{"rendered":"<p><\/p>\n<div>\n<p>Devido ao ponto facultativo desta segunda-feira (23) e ao feriado de S\u00e3o Jo\u00e3o na ter\u00e7a-feira (24), a Prefeitura de Jo\u00e3o Pessoa informa que n\u00e3o haver\u00e1 vacina\u00e7\u00e3o nas salas de vacina e nos pontos m\u00f3veis da Capital durante esse per\u00edodo. As atividades ser\u00e3o retomadas na quarta-feira (25), com a oferta de todos os imunizantes previstos no Calend\u00e1rio Nacional de Vacina\u00e7\u00e3o, al\u00e9m das vacinas de campanhas em andamento. Toda a popula\u00e7\u00e3o poder\u00e1 se vacinar, seja para atualizar a caderneta ou receber doses pendentes.<\/p>\n<figure class=\"wp-block-gallery has-nested-images columns-default is-cropped wp-block-gallery-1 is-layout-flex wp-block-gallery-is-layout-flex\">\n<figure class=\"wp-block-image\"><\/figure>\n<figure class=\"wp-block-image\"><\/figure>\n<figure class=\"wp-block-image\"><\/figure>\n<\/figure>\n<p>De acordo com Fernando Virgolino, chefe da Se\u00e7\u00e3o de Imuniza\u00e7\u00e3o da Capital, a interrup\u00e7\u00e3o tempor\u00e1ria durante os festejos juninos n\u00e3o compromete a assist\u00eancia preventiva ofertada pela rede municipal. \u201cA interrup\u00e7\u00e3o da a\u00e7\u00e3o de vacina\u00e7\u00e3o nas salas de vacinas nesse per\u00edodo de festejo junino n\u00e3o prejudica a assist\u00eancia preventiva, garantida pela Prefeitura de Jo\u00e3o Pessoa, considerando que esse cuidado \u00e9 ofertado de segunda a s\u00e1bado, das 8h \u00e0s 21h\u201d, explicou.<\/p>\n<p>\u201cA pausa \u00e9 apenas nesta segunda-feira e ter\u00e7a-feira, mas j\u00e1 na quarta-feira ser\u00e1 retomada toda a assist\u00eancia com as vacinas dispon\u00edveis de forma gratuita pelo Sistema \u00danico de Sa\u00fade\u201d, completou.<\/p>\n<p><strong>Para casos de urg\u00eancia <\/strong>\u2013 Mesmo com a suspens\u00e3o das vacinas de rotina, o Centro Municipal de Imuniza\u00e7\u00e3o, localizado no bairro da Torre, funcionar\u00e1 excepcionalmente durante todo o feriad\u00e3o, no per\u00edodo das 8h \u00e0s 12h, para atender situa\u00e7\u00f5es de urg\u00eancia. No servi\u00e7o, s\u00e3o ofertadas as vacinas antirr\u00e1bica humana e dT (difteria e t\u00e9tano), destinadas a pessoas expostas a acidentes com objetos perfurocortantes ou mordidas de animais \u2014 especialmente c\u00e3es e gatos n\u00e3o vacinados, ou morcegos.<\/p>\n<p>\u201cOs servi\u00e7os funcionam todos os dias para garantir essa assist\u00eancia imediata de quem precisa. No caso de acidentes, os imunizantes devem ser administrados o mais r\u00e1pido poss\u00edvel, para proteger o paciente do t\u00e9tano e da raiva. Por isso, a rede municipal mant\u00e9m a antitet\u00e2nica e a antirr\u00e1bica permanentemente dispon\u00edveis \u00e0 popula\u00e7\u00e3o\u201d, destacou Virgolino.<\/p>\n<p><strong>Vacina\u00e7\u00e3o Domiciliar \u2013<\/strong> Para ter acesso \u00e0 vacina\u00e7\u00e3o domiciliar, o cidad\u00e3o deve fazer o agendamento pelo aplicativo \u2018Jo\u00e3o Pessoa na Palma da M\u00e3o\u2019. A vacina\u00e7\u00e3o nas resid\u00eancias \u00e9 destinada \u00e0s pessoas acamadas (restritas ao leito).<\/p>\n<\/p><\/div>\n","protected":false},"excerpt":{"rendered":"<p>Devido ao ponto facultativo desta segunda-feira (23) e ao feriado de S\u00e3o Jo\u00e3o na ter\u00e7a-feira (24), a Prefeitura de Jo\u00e3o<\/p>\n","protected":false},"author":1,"featured_media":0,"comment_status":"","ping_status":"","sticky":false,"template":"","format":"standard","meta":{"colormag_page_container_layout":"default_layout","colormag_page_sidebar_layout":"default_layout","footnotes":""},"categories":[1],"tags":[],"class_list":["post-53876","post","type-post","status-publish","format-standard","hentry","category-sem-categoria"],"_links":{"self":[{"href":"https:\/\/euvivoaselecao.com.br\/index.php\/wp-json\/wp\/v2\/posts\/53876","targetHints":{"allow":["GET"]}}],"collection":[{"href":"https:\/\/euvivoaselecao.com.br\/index.php\/wp-json\/wp\/v2\/posts"}],"about":[{"href":"https:\/\/euvivoaselecao.com.br\/index.php\/wp-json\/wp\/v2\/types\/post"}],"author":[{"embeddable":true,"href":"https:\/\/euvivoaselecao.com.br\/index.php\/wp-json\/wp\/v2\/users\/1"}],"replies":[{"embeddable":true,"href":"https:\/\/euvivoaselecao.com.br\/index.php\/wp-json\/wp\/v2\/comments?post=53876"}],"version-history":[{"count":0,"href":"https:\/\/euvivoaselecao.com.br\/index.php\/wp-json\/wp\/v2\/posts\/53876\/revisions"}],"wp:attachment":[{"href":"https:\/\/euvivoaselecao.com.br\/index.php\/wp-json\/wp\/v2\/media?parent=53876"}],"wp:term":[{"taxonomy":"category","embeddable":true,"href":"https:\/\/euvivoaselecao.com.br\/index.php\/wp-json\/wp\/v2\/categories?post=53876"},{"taxonomy":"post_tag","embeddable":true,"href":"https:\/\/euvivoaselecao.com.br\/index.php\/wp-json\/wp\/v2\/tags?post=53876"}],"curies":[{"name":"wp","href":"https:\/\/api.w.org\/{rel}","templated":true}]}}