{"id":53877,"date":"2025-06-22T15:04:16","date_gmt":"2025-06-22T18:04:16","guid":{"rendered":"https:\/\/euvivoaselecao.com.br\/index.php\/2025\/06\/22\/conselho-de-seguranca-da-onu-convoca-reuniao-de-emergencia-sobre-o-ira\/"},"modified":"2025-06-22T15:04:16","modified_gmt":"2025-06-22T18:04:16","slug":"conselho-de-seguranca-da-onu-convoca-reuniao-de-emergencia-sobre-o-ira","status":"publish","type":"post","link":"https:\/\/euvivoaselecao.com.br\/index.php\/2025\/06\/22\/conselho-de-seguranca-da-onu-convoca-reuniao-de-emergencia-sobre-o-ira\/","title":{"rendered":"Conselho de Seguran\u00e7a da ONU convoca reuni\u00e3o de emerg\u00eancia sobre o Ir\u00e3"},"content":{"rendered":"<p><\/p>\n<div wp_automatic_readability=\"74.997841726619\">\n<p><strong>O Conselho de Seguran\u00e7a das Na\u00e7\u00f5es Unidas\u00a0convocou uma reuni\u00e3o de emerg\u00eancia, neste domingo (22), ap\u00f3s o ataque dos Estados Unidos a tr\u00eas instala\u00e7\u00f5es nucleares no Ir\u00e3, para avaliar as amea\u00e7as \u00e0 paz e \u00e0 seguran\u00e7a internacionais.<\/strong><\/p>\n<p>O encontro, em Nova York, ser\u00e1 realizado ap\u00f3s o ministro das Rela\u00e7\u00f5es Exteriores do Ir\u00e3, Abbas Araqchi, apelar\u00a0para que o Conselho de Seguran\u00e7a\u00a0da ONU convocasse a reuni\u00e3o.<\/p>\n<blockquote wp_automatic_readability=\"10.307400379507\">\n<p>\u201cA Rep\u00fablica Isl\u00e2mica do Ir\u00e3 apela ao Conselho de Seguran\u00e7a para que convoque uma sess\u00e3o de emerg\u00eancia para condenar inequivocamente o ato criminoso de agress\u00e3o dos Estados Unidos contra o Ir\u00e3 e para responsabilizar o governo de Washington por suas viola\u00e7\u00f5es dos princ\u00edpios fundamentais da Carta das Na\u00e7\u00f5es Unidas e das normas do direito internacional\u201d, disse o ministro.<\/p>\n<p><strong>V\u00edtimas de queda de bal\u00e3o em Praia Grande s\u00e3o veladas neste domingo<\/strong><\/p>\n<p><strong>Invictos, times brasileiros decidem futuro na Copa do Mundo de Clubes<\/strong><\/p>\n<\/blockquote>\n<p>A previs\u00e3o \u00e9 que a reuni\u00e3o comece \u00e0s 16h (hor\u00e1rio de Bras\u00edlia), com transmiss\u00e3o pela\u00a0TV da ONU.\u00a0Esta \u00e9 a terceira reuni\u00e3o solicitada pelo Ir\u00e3, desde que Israel atacou o pa\u00eds persa. A primeira foi realizada no dia 13.\u00a0Nenhuma das sess\u00f5es anteriores resultou em uma resolu\u00e7\u00e3o ou mesmo numa declara\u00e7\u00e3o conjunta.<\/p>\n<p>Em discurso em Istambul (Turquia), ao pedir a convoca\u00e7\u00e3o da reuni\u00e3o de emerg\u00eancia, o principal diplomata do Ir\u00e3 declarou que seu pa\u00eds reserva todas as op\u00e7\u00f5es para defender sua seguran\u00e7a.<\/p>\n<blockquote wp_automatic_readability=\"11\">\n<p>\u201cA Rep\u00fablica Isl\u00e2mica do Ir\u00e3 continua a defender o territ\u00f3rio, a soberania, a seguran\u00e7a e o povo do Ir\u00e3 por todos os meios necess\u00e1rios, n\u00e3o apenas contra a agress\u00e3o militar dos EUA, mas tamb\u00e9m contra as a\u00e7\u00f5es imprudentes e ilegais do regime israelense.\u201d<\/p>\n<\/blockquote>\n<p><strong>O chanceler\u00a0disse ainda que os EUA cruzaram uma enorme linha vermelha com o ataque \u00e0s instala\u00e7\u00f5es nucleares. <\/strong>Ele acrescentou\u00a0que Teer\u00e3 n\u00e3o pode retornar \u00e0 diplomacia\u00a0enquanto estiver sob ataque de Israel e dos Estados Unidos.<\/p>\n<p><strong>Quase 7,3 mil pessoas deixaram suas casas no RS por causa das chuvas<\/strong><\/p>\n<p><strong>Aposta de Minas acerta as 6 dezenas da Mega-Sena e leva R$ 127 milh\u00f5es<\/strong><\/p>\n<p>Araqchi disse que o Ir\u00e3 avalia as op\u00e7\u00f5es de retalia\u00e7\u00e3o e que consideraria a diplomacia somente ap\u00f3s implementar sua resposta aos ataques americanos a instala\u00e7\u00f5es nucleares do seu pa\u00eds.<\/p>\n<p><strong>O chanceler iraniano anunciou que viajar\u00e1 \u00e0 R\u00fassia, com quem a rep\u00fablica isl\u00e2mica mant\u00e9m parceria, e se encontrar\u00e1\u00a0com o presidente russo, Vladimir Putin, nesta segunda-feira (23).<\/strong><\/p>\n<p>Abbas Araqchi\u00a0solicitou ainda que a Ag\u00eancia Internacional de Energia At\u00f4mica (AIEA) se re\u00fana imediatamente. \u201cApelamos ao Conselho da AIEA para que se re\u00fana imediatamente e cumpra sua responsabilidade legal, em resposta ao perigoso ataque dos EUA \u00e0s instala\u00e7\u00f5es nucleares pac\u00edficas do Ir\u00e3, todas as quais est\u00e3o sob total salvaguarda e monitoramento da ag\u00eancia\u201d, cobrou o iraniano.<\/p>\n<p>O presidente dos Estados Unidos, Donald Trump, disse ter destru\u00eddo as principais instala\u00e7\u00f5es nucleares do Ir\u00e3 em ataques durante a noite com enormes bombas destruidoras de <em>bunkers<\/em>, juntando-se a um ataque israelense em uma nova e significativa escalada do conflito no Oriente M\u00e9dio.<\/p>\n<p>Teer\u00e3 respondeu com uma grande quantidade de m\u00edsseis contra Israel, que feriram dezenas de pessoas e destru\u00edram pr\u00e9dios no centro comercial de Tel Aviv, capital administrativa e financeira de Israel.<\/p>\n<p><em>*Com informa\u00e7\u00f5es da ag\u00eancia Reuters<\/em><\/p>\n<\/div>\n","protected":false},"excerpt":{"rendered":"<p>O Conselho de Seguran\u00e7a das Na\u00e7\u00f5es Unidas\u00a0convocou uma reuni\u00e3o de emerg\u00eancia, neste domingo (22), ap\u00f3s o ataque dos Estados Unidos<\/p>\n","protected":false},"author":2,"featured_media":0,"comment_status":"","ping_status":"","sticky":false,"template":"","format":"standard","meta":{"colormag_page_container_layout":"default_layout","colormag_page_sidebar_layout":"default_layout","footnotes":""},"categories":[],"tags":[],"class_list":["post-53877","post","type-post","status-publish","format-standard","hentry"],"_links":{"self":[{"href":"https:\/\/euvivoaselecao.com.br\/index.php\/wp-json\/wp\/v2\/posts\/53877","targetHints":{"allow":["GET"]}}],"collection":[{"href":"https:\/\/euvivoaselecao.com.br\/index.php\/wp-json\/wp\/v2\/posts"}],"about":[{"href":"https:\/\/euvivoaselecao.com.br\/index.php\/wp-json\/wp\/v2\/types\/post"}],"author":[{"embeddable":true,"href":"https:\/\/euvivoaselecao.com.br\/index.php\/wp-json\/wp\/v2\/users\/2"}],"replies":[{"embeddable":true,"href":"https:\/\/euvivoaselecao.com.br\/index.php\/wp-json\/wp\/v2\/comments?post=53877"}],"version-history":[{"count":0,"href":"https:\/\/euvivoaselecao.com.br\/index.php\/wp-json\/wp\/v2\/posts\/53877\/revisions"}],"wp:attachment":[{"href":"https:\/\/euvivoaselecao.com.br\/index.php\/wp-json\/wp\/v2\/media?parent=53877"}],"wp:term":[{"taxonomy":"category","embeddable":true,"href":"https:\/\/euvivoaselecao.com.br\/index.php\/wp-json\/wp\/v2\/categories?post=53877"},{"taxonomy":"post_tag","embeddable":true,"href":"https:\/\/euvivoaselecao.com.br\/index.php\/wp-json\/wp\/v2\/tags?post=53877"}],"curies":[{"name":"wp","href":"https:\/\/api.w.org\/{rel}","templated":true}]}}