{"id":53879,"date":"2025-06-22T16:23:54","date_gmt":"2025-06-22T19:23:54","guid":{"rendered":"https:\/\/euvivoaselecao.com.br\/index.php\/2025\/06\/22\/em-praia-grande-governador-em-exercicio-se-reune-com-prefeito-e-autoridades-locais-e-presta-solidariedade-as-vitimas-do-acidente-de-balao\/"},"modified":"2025-06-22T16:23:54","modified_gmt":"2025-06-22T19:23:54","slug":"em-praia-grande-governador-em-exercicio-se-reune-com-prefeito-e-autoridades-locais-e-presta-solidariedade-as-vitimas-do-acidente-de-balao","status":"publish","type":"post","link":"https:\/\/euvivoaselecao.com.br\/index.php\/2025\/06\/22\/em-praia-grande-governador-em-exercicio-se-reune-com-prefeito-e-autoridades-locais-e-presta-solidariedade-as-vitimas-do-acidente-de-balao\/","title":{"rendered":"Em Praia Grande, governador em exerc\u00edcio se re\u00fane com prefeito e autoridades locais e presta solidariedade \u00e0s v\u00edtimas do acidente de bal\u00e3o"},"content":{"rendered":"<p><\/p>\n<div>\n<p><em>Foto: Leo Munhoz \/ SECOM<\/em><\/p>\n<p>O governador em exerc\u00edcio, Francisco de Oliveira Neto, esteve neste domingo, 22, na cidade de Praia Grande, no Sul do estado. Ele se reuniu com o prefeito Elisandro Pereira Machado e autoridades locais para tratar do acidente de bal\u00e3o ocorrido neste s\u00e1bado, 21. Os secret\u00e1rios de Estado da Sa\u00fade, Diogo Demarchi e da Seguran\u00e7a P\u00fablica, Fl\u00e1vio Graff tamb\u00e9m estiveram na reuni\u00e3o na prefeitura municipal.<\/p>\n<p>\u201cDesde o primeiro momento quando chegou a not\u00edcia estive em contato com o governador Jorginho Mello, houve a decreta\u00e7\u00e3o do luto de tr\u00eas dias em Santa Catarina e a forte atua\u00e7\u00e3o de todas as estruturas de Estado para minimizar o sofrimento das pessoas, atender as v\u00edtimas, atender os familiares das v\u00edtimas. O trabalho da Pol\u00edcia Cient\u00edfica foi realizado de pronto, j\u00e1 n\u00e3o s\u00f3 em rela\u00e7\u00e3o ao local, mas tamb\u00e9m em rela\u00e7\u00e3o \u00e0 identifica\u00e7\u00e3o das v\u00edtimas, que foi conclu\u00edda hoje de manh\u00e3. \u00c9 um trauma para a cidade, para a regi\u00e3o, para o nosso estado. \u00c9 um fato que agora segue com investiga\u00e7\u00e3o da Pol\u00edcia Civil. Foi um acidente e precisa de investiga\u00e7\u00e3o e nisso todas as estruturas est\u00e3o atuando\u201d, disse o governador em exerc\u00edcio.<\/p>\n<figure class=\"wp-block-image size-full\"><figcaption class=\"wp-element-caption\"><em>Foto: Leo Munhoz \/SECOM<\/em><\/figcaption><\/figure>\n<p>O secret\u00e1rio de Estado da Seguran\u00e7a P\u00fablica, Fl\u00e1vio Graff, atualizou a situa\u00e7\u00e3o sobre a investiga\u00e7\u00e3o das causas do acidente. \u201cA Pol\u00edcia Civil instaurou o procedimento policial. Ser\u00e1 conclu\u00eddo conforme a legisla\u00e7\u00e3o em at\u00e9 30 dias. A nossa Pol\u00edcia Cient\u00edfica est\u00e1 levantando todos os elementos para fornecer subs\u00eddios a esse inqu\u00e9rito policial, utilizando os equipamentos mais modernos, equipamentos de scanners tipo 3D, para n\u00f3s eternizarmos o local a fim de ser revisitado tantas vezes quantas for necess\u00e1rias. Sem d\u00favida, todos os elementos ser\u00e3o levantados\u201d, afirmou o secret\u00e1rio Fl\u00e1vio Graff.<\/p>\n<p>Al\u00e9m da prefeitura, o governador em exerc\u00edcio tamb\u00e9m esteve no Hospital Nossa Senhora de F\u00e1tima, em Praia Grande, onde foi realizado o atendimento prestado \u00e0s v\u00edtimas do acidente. Ele refor\u00e7ou a import\u00e2ncia do pronto atendimento hospitalar em situa\u00e7\u00f5es emergenciais e elogiou a estrutura e a atua\u00e7\u00e3o do servi\u00e7o p\u00fablico de sa\u00fade. \u201cO acolhimento, a agilidade e o cuidado humanizado fizeram toda a diferen\u00e7a para minimizar o sofrimento dos envolvidos. Estamos aqui em solidariedade ao munic\u00edpio e tamb\u00e9m para refor\u00e7ar o pronto atendimento do Estado em todas as esferas, nos colocando \u00e0 disposi\u00e7\u00e3o no que for preciso \u201d, destacou Oliveira Neto.<\/p>\n<figure class=\"wp-block-image size-full\"><figcaption class=\"wp-element-caption\"><em>Foto: Leo Munhoz \/SECOM<\/em><\/figcaption><\/figure>\n<h4 class=\"wp-block-heading\"><strong>Atendimento \u00e0s v\u00edtimas<\/strong><\/h4>\n<p>O bal\u00e3o levava 21 ocupantes, resultando em oito mortos e 13 feridos. Destes, cinco foram atendidos no Hospital Nossa Senhora de F\u00e1tima com ferimentos leves, mas apresentando grande abalo psicol\u00f3gico. A equipe da unidade atuou prontamente, oferecendo cuidados cl\u00ednicos \u201cAtuamos integralmente com a parte cl\u00ednica e de sa\u00fade mental, que esteve ao lado dos pacientes at\u00e9 que todos estivessem liberados com seguran\u00e7a f\u00edsica e emocional\u201d, detalha o diretor da Associa\u00e7\u00e3o Hospitalar Nossa Senhora de F\u00e1tima, Jean Gon\u00e7alves<\/p>\n<\/p><\/div>\n","protected":false},"excerpt":{"rendered":"<p>Foto: Leo Munhoz \/ SECOM O governador em exerc\u00edcio, Francisco de Oliveira Neto, esteve neste domingo, 22, na cidade de<\/p>\n","protected":false},"author":1,"featured_media":0,"comment_status":"","ping_status":"","sticky":false,"template":"","format":"standard","meta":{"colormag_page_container_layout":"default_layout","colormag_page_sidebar_layout":"default_layout","footnotes":""},"categories":[1],"tags":[],"class_list":["post-53879","post","type-post","status-publish","format-standard","hentry","category-sem-categoria"],"_links":{"self":[{"href":"https:\/\/euvivoaselecao.com.br\/index.php\/wp-json\/wp\/v2\/posts\/53879","targetHints":{"allow":["GET"]}}],"collection":[{"href":"https:\/\/euvivoaselecao.com.br\/index.php\/wp-json\/wp\/v2\/posts"}],"about":[{"href":"https:\/\/euvivoaselecao.com.br\/index.php\/wp-json\/wp\/v2\/types\/post"}],"author":[{"embeddable":true,"href":"https:\/\/euvivoaselecao.com.br\/index.php\/wp-json\/wp\/v2\/users\/1"}],"replies":[{"embeddable":true,"href":"https:\/\/euvivoaselecao.com.br\/index.php\/wp-json\/wp\/v2\/comments?post=53879"}],"version-history":[{"count":0,"href":"https:\/\/euvivoaselecao.com.br\/index.php\/wp-json\/wp\/v2\/posts\/53879\/revisions"}],"wp:attachment":[{"href":"https:\/\/euvivoaselecao.com.br\/index.php\/wp-json\/wp\/v2\/media?parent=53879"}],"wp:term":[{"taxonomy":"category","embeddable":true,"href":"https:\/\/euvivoaselecao.com.br\/index.php\/wp-json\/wp\/v2\/categories?post=53879"},{"taxonomy":"post_tag","embeddable":true,"href":"https:\/\/euvivoaselecao.com.br\/index.php\/wp-json\/wp\/v2\/tags?post=53879"}],"curies":[{"name":"wp","href":"https:\/\/api.w.org\/{rel}","templated":true}]}}