{"id":53908,"date":"2025-06-23T01:34:01","date_gmt":"2025-06-23T04:34:01","guid":{"rendered":"https:\/\/euvivoaselecao.com.br\/index.php\/2025\/06\/23\/tiago-volpi-relembra-treta-entre-fernando-diniz-e-tche-tche-no-sao-paulo-veja-video\/"},"modified":"2025-06-23T01:34:01","modified_gmt":"2025-06-23T04:34:01","slug":"tiago-volpi-relembra-treta-entre-fernando-diniz-e-tche-tche-no-sao-paulo-veja-video","status":"publish","type":"post","link":"https:\/\/euvivoaselecao.com.br\/index.php\/2025\/06\/23\/tiago-volpi-relembra-treta-entre-fernando-diniz-e-tche-tche-no-sao-paulo-veja-video\/","title":{"rendered":"Tiago Volpi relembra treta entre Fernando Diniz e Tch\u00ea Tch\u00ea no S\u00e3o Paulo; veja v\u00eddeo"},"content":{"rendered":"<p><\/p>\n<div>\n<p>Tiago Volpi relembra treta entre Fernando Diniz e Tch\u00ea Tch\u00ea no S\u00e3o Paulo; veja v\u00eddeo<\/p>\n<div class=\"code-block code-block-10\" style=\"margin: 8px auto; text-align: center; display: block; clear: both;\">\n<p><!-- AMP --><br \/>\n<amp-ad width=\"100vw\" height=\"320\" type=\"adsense\" data-ad-client=\"ca-pub-9463444472301664\" data-ad-slot=\"2740239170\" data-auto-format=\"rspv\" data-full-width=\"\"><\/p>\n<p><\/amp-ad><br \/>\n<amp-ad layout=\"fixed\" width=\"336\" height=\"280\" type=\"adsense\" data-ad-client=\"ca-pub-9463444472301664\" data-ad-slot=\"3283796203\"><br \/>\n<\/amp-ad><\/div>\n<div class=\"code-block code-block-3\" style=\"margin: 8px 0; clear: both;\">\n<strong>SIGA-NOS<\/strong> <\/p>\n<div class=\"code-block code-block-14\" style=\"margin: 8px auto; text-align: center; display: block; clear: both;\">\n<amp-ad width=\"100vw\" height=\"320\" type=\"adsense\" data-ad-client=\"ca-pub-9463444472301664\" data-ad-slot=\"2740239170\" data-auto-format=\"rspv\" data-full-width=\"\"><\/p>\n<p><\/amp-ad><\/div>\n<p><!--\n\n--><\/div>\n<p>Domingo, 22\/06\/2025  \u2013 13:33<\/p>\n<div class=\"code-block code-block-4\" style=\"margin: 8px 0; clear: both;\">\n SIGA NOSSO CANAL DO WHATSAPP E FIQUE LIGADO NAS NOTICIAS DO VASCO <\/p>\n<hr>\n<p><amp-ad width=\"100vw\" height=\"320\" type=\"adsense\" data-ad-client=\"ca-pub-9463444472301664\" data-ad-slot=\"2740239170\" data-auto-format=\"rspv\" data-full-width=\"\"><\/p>\n<p><\/amp-ad><\/div>\n<div class=\"corpo\">OLHA O QUE O VOLPI FALOU SOBRE TRETA ENTRE DINIZ E TCH\u00ca TCH\u00ca NO S\u00c3O PAULO | Cortes do Duda<br \/>\n<center><\/p>\n<div class=\"code-block code-block-11\" style=\"margin: 8px auto; text-align: center; display: block; clear: both;\">\n<amp-ad layout=\"fixed\" width=\"336\" height=\"280\" type=\"adsense\" data-ad-client=\"ca-pub-9463444472301664\" data-ad-slot=\"3283796203\"><br \/>\n<\/amp-ad><\/div>\n<p><iframe loading=\"lazy\" title=\"OLHA O QUE O VOLPI FALOU SOBRE TRETA ENTRE DINIZ E TCH\u00ca TCH\u00ca NO S\u00c3O PAULO | Cortes do Duda\" width=\"800\" height=\"450\" src=\"https:\/\/www.youtube.com\/embed\/Yam31nGvcq8?feature=oembed\" frameborder=\"0\" allow=\"accelerometer; autoplay; clipboard-write; encrypted-media; gyroscope; picture-in-picture; web-share\" referrerpolicy=\"strict-origin-when-cross-origin\" allowfullscreen><\/iframe><\/p>\n<p><\/center><\/p>\n<div class=\"code-block code-block-12\" style=\"margin: 8px auto; text-align: center; display: block; clear: both;\">\n<p><!-- AMP --><\/p>\n<p><amp-ad layout=\"fixed\" width=\"336\" height=\"280\" type=\"adsense\" data-ad-client=\"ca-pub-9463444472301664\" data-ad-slot=\"3283796203\"><br \/>\n<\/amp-ad><\/div>\n<p>Fonte: Youtube Duda Garbi<\/p>\n<\/div>\n<\/div>\n<p><script async defer crossorigin=\"anonymous\" src=\"https:\/\/connect.facebook.net\/pt_BR\/sdk.js#xfbml=1&amp;version=v12.0&amp;appId=114327694422&amp;autoLogAppEvents=1\" nonce=\"4kp7RAsD\"><\/script><\/p>\n","protected":false},"excerpt":{"rendered":"<p>Tiago Volpi relembra treta entre Fernando Diniz e Tch\u00ea Tch\u00ea no S\u00e3o Paulo; veja v\u00eddeo SIGA-NOS Domingo, 22\/06\/2025 \u2013 13:33<\/p>\n","protected":false},"author":1,"featured_media":0,"comment_status":"","ping_status":"","sticky":false,"template":"","format":"standard","meta":{"colormag_page_container_layout":"default_layout","colormag_page_sidebar_layout":"default_layout","footnotes":""},"categories":[1],"tags":[],"class_list":["post-53908","post","type-post","status-publish","format-standard","hentry","category-sem-categoria"],"_links":{"self":[{"href":"https:\/\/euvivoaselecao.com.br\/index.php\/wp-json\/wp\/v2\/posts\/53908","targetHints":{"allow":["GET"]}}],"collection":[{"href":"https:\/\/euvivoaselecao.com.br\/index.php\/wp-json\/wp\/v2\/posts"}],"about":[{"href":"https:\/\/euvivoaselecao.com.br\/index.php\/wp-json\/wp\/v2\/types\/post"}],"author":[{"embeddable":true,"href":"https:\/\/euvivoaselecao.com.br\/index.php\/wp-json\/wp\/v2\/users\/1"}],"replies":[{"embeddable":true,"href":"https:\/\/euvivoaselecao.com.br\/index.php\/wp-json\/wp\/v2\/comments?post=53908"}],"version-history":[{"count":0,"href":"https:\/\/euvivoaselecao.com.br\/index.php\/wp-json\/wp\/v2\/posts\/53908\/revisions"}],"wp:attachment":[{"href":"https:\/\/euvivoaselecao.com.br\/index.php\/wp-json\/wp\/v2\/media?parent=53908"}],"wp:term":[{"taxonomy":"category","embeddable":true,"href":"https:\/\/euvivoaselecao.com.br\/index.php\/wp-json\/wp\/v2\/categories?post=53908"},{"taxonomy":"post_tag","embeddable":true,"href":"https:\/\/euvivoaselecao.com.br\/index.php\/wp-json\/wp\/v2\/tags?post=53908"}],"curies":[{"name":"wp","href":"https:\/\/api.w.org\/{rel}","templated":true}]}}