{"id":53959,"date":"2025-06-23T15:47:14","date_gmt":"2025-06-23T18:47:14","guid":{"rendered":"https:\/\/euvivoaselecao.com.br\/index.php\/2025\/06\/23\/unidades-de-aplicacao-do-encceja-ppl-devem-ser-indicadas-ate-o-dia-4\/"},"modified":"2025-06-23T15:47:14","modified_gmt":"2025-06-23T18:47:14","slug":"unidades-de-aplicacao-do-encceja-ppl-devem-ser-indicadas-ate-o-dia-4","status":"publish","type":"post","link":"https:\/\/euvivoaselecao.com.br\/index.php\/2025\/06\/23\/unidades-de-aplicacao-do-encceja-ppl-devem-ser-indicadas-ate-o-dia-4\/","title":{"rendered":"Unidades de aplica\u00e7\u00e3o do Encceja PPL devem ser indicadas at\u00e9 o dia 4"},"content":{"rendered":"<p><\/p>\n<div wp_automatic_readability=\"53.786113328013\">\n<p><strong>Os \u00f3rg\u00e3os de administra\u00e7\u00e3o prisional e socioeducativa de cada estado interessados em aplicar o Encceja deste ano devem aderir ao exame e indicar as unidades de aplica\u00e7\u00e3o das provas e os respons\u00e1veis pedag\u00f3gicos em cada unidade prisional e socioeducativa at\u00e9 4 de julho. <\/strong><\/p>\n<p>O<strong>\u00a0<\/strong>Exame Nacional para Certifica\u00e7\u00e3o de Compet\u00eancias de Jovens e Adultos para Pessoas Privadas de Liberdade ou sob Medida Socioeducativa que inclua priva\u00e7\u00e3o de liberdade \u00e9 uma oportunidade para que aqueles que n\u00e3o conclu\u00edram os estudos na idade apropriada para cada n\u00edvel de ensino obtenham a certifica\u00e7\u00e3o dos n\u00edveis\u00a0 fundamental e m\u00e9dio de ensino.<\/p>\n<p>A idades m\u00ednima \u00e9 de 15 anos para o ensino fundamental e de 18 anos completos para o ensino m\u00e9dio na data de realiza\u00e7\u00e3o do exame.<\/p>\n<p><strong>R\u00e9us em a\u00e7\u00e3o do golpe, Cid e Braga Netto ficam cara a cara no Supremo<\/strong><\/p>\n<p><strong>Israel ataca pris\u00e3o e supostos alvos militares em Teer\u00e3<\/strong><\/p>\n<p>A participa\u00e7\u00e3o no Encceja Nacional PPL 2025 \u00e9 volunt\u00e1ria e gratuita.<\/p>\n<p>&gt;&gt; Siga o canal da <strong>Ag\u00eancia Brasil <\/strong>no WhatsApp<br \/>\u00a0<\/p>\n<h2>Ades\u00e3o<\/h2>\n<p>A indica\u00e7\u00e3o das unidades onde ser\u00e1 aplicado o exame e dos respons\u00e1veis pedag\u00f3gicos\u00a0deve ser formalizada por of\u00edcio enviado ao Instituto Nacional de Estudos e Pesquisas Educacionais An\u00edsio Teixeira (Inep), respons\u00e1vel pela log\u00edstica do exame.<\/p>\n<p>O respons\u00e1vel pedag\u00f3gico, necessariamente, dever\u00e1 ser funcion\u00e1rio do \u00f3rg\u00e3o de administra\u00e7\u00e3o prisional ou socioeducativa ou da respectiva unidade prisional socioeducativa.<\/p>\n<p><strong>Trag\u00e9dia em SC; Piloto de bal\u00e3o que salvou 12 vidas pode ser preso mesmo ap\u00f3s ato heroico<\/strong><\/p>\n<p><strong>Hoje \u00e9 Dia: S\u00e3o Jo\u00e3o, Festa de Parintins e Parada LGBT+ s\u00e3o destaques<\/strong><\/p>\n<p>O documento que firma a ades\u00e3o ao exame precisa ser enviado para este <em>email<\/em>, com o assunto da mensagem Ades\u00e3o Encceja Nacional PPL 2025\u2033.<\/p>\n<p>O Inep analisar\u00e1 os dados das novas unidades cadastradas e informar\u00e1 se foram aprovada no Sistema PPL\u00a0.<\/p>\n<p>O per\u00edodo de inscri\u00e7\u00f5es dos participantes no Encceja Nacional PPL 2025 come\u00e7a nesta segunda-feira (23) e se estende at\u00e9 23h59 do dia 11 de julho.<\/p>\n<p>A inscri\u00e7\u00e3o dever\u00e1 ser feita por interm\u00e9dio do respons\u00e1vel pedag\u00f3gico neste endere\u00e7o, que tamb\u00e9m deve manter, sob sua guarda e sigilo, a senha de acesso ao sistema e os n\u00fameros de inscri\u00e7\u00e3o e de Cadastro de Pessoa F\u00edsica (CPF) dos participantes, dados necess\u00e1rios para o acompanhamento do processo de inscri\u00e7\u00e3o e para a obten\u00e7\u00e3o dos resultados individuais.<\/p>\n<p>O Inep aplicar\u00e1 as provas nos dias 23 e 24 de setembro.<\/p>\n<\/div>\n","protected":false},"excerpt":{"rendered":"<p>Os \u00f3rg\u00e3os de administra\u00e7\u00e3o prisional e socioeducativa de cada estado interessados em aplicar o Encceja deste ano devem aderir ao<\/p>\n","protected":false},"author":2,"featured_media":0,"comment_status":"","ping_status":"","sticky":false,"template":"","format":"standard","meta":{"colormag_page_container_layout":"default_layout","colormag_page_sidebar_layout":"default_layout","footnotes":""},"categories":[],"tags":[],"class_list":["post-53959","post","type-post","status-publish","format-standard","hentry"],"_links":{"self":[{"href":"https:\/\/euvivoaselecao.com.br\/index.php\/wp-json\/wp\/v2\/posts\/53959","targetHints":{"allow":["GET"]}}],"collection":[{"href":"https:\/\/euvivoaselecao.com.br\/index.php\/wp-json\/wp\/v2\/posts"}],"about":[{"href":"https:\/\/euvivoaselecao.com.br\/index.php\/wp-json\/wp\/v2\/types\/post"}],"author":[{"embeddable":true,"href":"https:\/\/euvivoaselecao.com.br\/index.php\/wp-json\/wp\/v2\/users\/2"}],"replies":[{"embeddable":true,"href":"https:\/\/euvivoaselecao.com.br\/index.php\/wp-json\/wp\/v2\/comments?post=53959"}],"version-history":[{"count":0,"href":"https:\/\/euvivoaselecao.com.br\/index.php\/wp-json\/wp\/v2\/posts\/53959\/revisions"}],"wp:attachment":[{"href":"https:\/\/euvivoaselecao.com.br\/index.php\/wp-json\/wp\/v2\/media?parent=53959"}],"wp:term":[{"taxonomy":"category","embeddable":true,"href":"https:\/\/euvivoaselecao.com.br\/index.php\/wp-json\/wp\/v2\/categories?post=53959"},{"taxonomy":"post_tag","embeddable":true,"href":"https:\/\/euvivoaselecao.com.br\/index.php\/wp-json\/wp\/v2\/tags?post=53959"}],"curies":[{"name":"wp","href":"https:\/\/api.w.org\/{rel}","templated":true}]}}