{"id":53961,"date":"2025-06-23T16:28:24","date_gmt":"2025-06-23T19:28:24","guid":{"rendered":"https:\/\/euvivoaselecao.com.br\/index.php\/2025\/06\/23\/sao-jose-recebe-congresso-tecnico-da-67a-edicao-dos-jogos-regionais\/"},"modified":"2025-06-23T16:28:24","modified_gmt":"2025-06-23T19:28:24","slug":"sao-jose-recebe-congresso-tecnico-da-67a-edicao-dos-jogos-regionais","status":"publish","type":"post","link":"https:\/\/euvivoaselecao.com.br\/index.php\/2025\/06\/23\/sao-jose-recebe-congresso-tecnico-da-67a-edicao-dos-jogos-regionais\/","title":{"rendered":"S\u00e3o Jos\u00e9 recebe congresso t\u00e9cnico da 67\u00aa edi\u00e7\u00e3o dos Jogos Regionais"},"content":{"rendered":"<p><\/p>\n<div>\n<p><b>Lucas Lemes<\/b><br \/>&#13;<br \/>\n&#13;<br \/>\n                <span style=\"font-weight: bold;\">Secretaria de Esporte e Qualidade de Vida<\/span><\/p>\n<p>O congresso t\u00e9cnico dos Jogos Regionais, que define os confrontos da primeira fase da competi\u00e7\u00e3o, foi realizado na manh\u00e3 desta segunda-feira (23) no audit\u00f3rio do Centro da Juventude, em S\u00e3o Jos\u00e9 dos Campos. Estiveram presentes no encontro, promovido pela Secretaria de Esportes do Estado, representantes dos 33 munic\u00edpios inscritos do torneio.<\/p>\n<p><sup>Representantes dos munic\u00edpios que comp\u00f5em a 2\u00aa Regi\u00e3o Esportiva do Estado de S\u00e3o Paulo marcaram presen\u00e7a no congresso t\u00e9cnico | Foto: PMSJC<\/sup><\/p>\n<p>A 67\u00aa edi\u00e7\u00e3o dos Jogos Regionais acontecer\u00e1 no per\u00edodo de 3 a 13 de julho, sendo que S\u00e3o Jos\u00e9 dos Campos ser\u00e1 a principal sede, recebendo 19 das 23 modalidades, Pindamonhangaba receber\u00e1 duas modalidades e Ferraz de Vasconcelos outras duas. A competi\u00e7\u00e3o reunir\u00e1 os munic\u00edpios do Vale do Para\u00edba, Litoral Norte, Serra da Mantiqueira e parte do Alto Tiet\u00ea, que integram a 2\u00aa Regi\u00e3o Esportiva do Estado.<\/p>\n<p><sup>Marco Ant\u00f4nio Soares, chefe do comit\u00ea dirigente dos Jogos Regionais | Foto: PMSJC<\/sup><\/p>\n<p>Uma das novidades desta edi\u00e7\u00e3o \u00e9 o Basquete 3&#215;3, estreante na competi\u00e7\u00e3o e que ter\u00e1 5 equipes na categoria feminina e 10 representantes na masculina.<\/p>\n<p>A \u00faltima vez que a maior cidade do Vale do Para\u00edba sediou a competi\u00e7\u00e3o foi em 1987. A abertura do evento ser\u00e1 na Farma Conde Arena, no dia 4 de julho, sexta-feira, \u00e0s 10h.<\/p>\n<p><span class=\"intertitulo\">Locais de competi\u00e7\u00e3o<\/span><\/p>\n<p>As competi\u00e7\u00f5es ser\u00e3o realizadas em gin\u00e1sios e espa\u00e7os p\u00fablicos mantidos pela Prefeitura, com apoio de entidades parceiras. Algumas das pra\u00e7as j\u00e1 definidas para receber as competi\u00e7\u00f5es s\u00e3o a Farma Conde Arena; complexo do Teatr\u00e3o; Poliesportivos Jo\u00e3o do Pulo, Cerejeiras, Campo dos Alem\u00e3es, Vila Tesouro e Altos de Santana; Centros Esportivos Casa do Jovem, Jardim Morumbi e Vale do Sol; Gin\u00e1sios de Esportes Delmar Buffulin, Cidade Jardim e Tania Maria; Sesi; ADC Embraer, Clube de Campo Santa Rita\/AESJ; ADC Inpe; Thermas do Vale, entre outros.<\/p>\n<p><sup>Fabiano Morciani, diretor regional de Esporte e Lazer do Governo do Estado de S\u00e3o Paulo | Foto: PMSJC<\/sup><\/p>\n<p>Os Jogos Regionais s\u00e3o classificat\u00f3rios para os Jogos Abertos do Interior, programados para o segundo semestre. No ano passado, em S\u00e3o Sebasti\u00e3o, S\u00e3o Jos\u00e9 conquistou o t\u00edtulo pela 11\u00aa vez consecutiva. Meses depois, foi campe\u00e3o pela sexta vez seguida dos Jogos Abertos do Interior em S\u00e3o Jos\u00e9 do Rio Preto.<\/p>\n<p>&#13;<br \/>\n                        <strong>MAIS NOT\u00cdCIAS<\/strong><br \/>&#13;<br \/>\n                        Secretaria de Esporte e Qualidade de Vida&#13;\n                    <\/p>\n<\/p><\/div>\n","protected":false},"excerpt":{"rendered":"<p>Lucas Lemes&#13; &#13; Secretaria de Esporte e Qualidade de Vida O congresso t\u00e9cnico dos Jogos Regionais, que define os confrontos<\/p>\n","protected":false},"author":1,"featured_media":0,"comment_status":"","ping_status":"","sticky":false,"template":"","format":"standard","meta":{"colormag_page_container_layout":"default_layout","colormag_page_sidebar_layout":"default_layout","footnotes":""},"categories":[1],"tags":[],"class_list":["post-53961","post","type-post","status-publish","format-standard","hentry","category-sem-categoria"],"_links":{"self":[{"href":"https:\/\/euvivoaselecao.com.br\/index.php\/wp-json\/wp\/v2\/posts\/53961","targetHints":{"allow":["GET"]}}],"collection":[{"href":"https:\/\/euvivoaselecao.com.br\/index.php\/wp-json\/wp\/v2\/posts"}],"about":[{"href":"https:\/\/euvivoaselecao.com.br\/index.php\/wp-json\/wp\/v2\/types\/post"}],"author":[{"embeddable":true,"href":"https:\/\/euvivoaselecao.com.br\/index.php\/wp-json\/wp\/v2\/users\/1"}],"replies":[{"embeddable":true,"href":"https:\/\/euvivoaselecao.com.br\/index.php\/wp-json\/wp\/v2\/comments?post=53961"}],"version-history":[{"count":0,"href":"https:\/\/euvivoaselecao.com.br\/index.php\/wp-json\/wp\/v2\/posts\/53961\/revisions"}],"wp:attachment":[{"href":"https:\/\/euvivoaselecao.com.br\/index.php\/wp-json\/wp\/v2\/media?parent=53961"}],"wp:term":[{"taxonomy":"category","embeddable":true,"href":"https:\/\/euvivoaselecao.com.br\/index.php\/wp-json\/wp\/v2\/categories?post=53961"},{"taxonomy":"post_tag","embeddable":true,"href":"https:\/\/euvivoaselecao.com.br\/index.php\/wp-json\/wp\/v2\/tags?post=53961"}],"curies":[{"name":"wp","href":"https:\/\/api.w.org\/{rel}","templated":true}]}}