{"id":53962,"date":"2025-06-23T16:33:45","date_gmt":"2025-06-23T19:33:45","guid":{"rendered":"https:\/\/euvivoaselecao.com.br\/index.php\/2025\/06\/23\/elba-alceu-e-cavaleiros-do-forro-animam-arraia-brasil-2025\/"},"modified":"2025-06-23T16:33:45","modified_gmt":"2025-06-23T19:33:45","slug":"elba-alceu-e-cavaleiros-do-forro-animam-arraia-brasil-2025","status":"publish","type":"post","link":"https:\/\/euvivoaselecao.com.br\/index.php\/2025\/06\/23\/elba-alceu-e-cavaleiros-do-forro-animam-arraia-brasil-2025\/","title":{"rendered":"Elba, Alceu e Cavaleiros do Forr\u00f3 animam Arrai\u00e1 Brasil 2025"},"content":{"rendered":"<p><\/p>\n<div wp_automatic_readability=\"53.94375\">\n<p>A programa\u00e7\u00e3o do Arrai\u00e1 Brasil 2025 segue com os melhores festejos juninos do Nordeste nesta segunda-feira (23), v\u00e9spera de S\u00e3o Jo\u00e3o, e na ter\u00e7a-feira (24), Dia de S\u00e3o Jo\u00e3o. Nesses dois dias, grandes nomes da cena art\u00edstica sobem aos palcos das cidades, como Elba Ramalho, Alceu Valen\u00e7a, Priscila Senna, Cavaleiros do Forr\u00f3 e Adelm\u00e1rio Coelho.<\/p>\n<p>O Arrai\u00e1 Brasil 2025 teve apresenta\u00e7\u00f5es especiais desde quinta-feira da semana passada (18), feriado de Corpus Christi, e segue at\u00e9 esta ter\u00e7a-feira.<\/p>\n<p>Desde quinta-feira, a <em>TVE Bahia<\/em> se juntou \u00e0 <strong>TV Brasil<\/strong>, \u00e0 <strong>R\u00e1dio Nacional<\/strong> e ao aplicativo <strong>TV Brasil Play<\/strong> para transmitir os shows das cidades baianas de Salvador e Amargosa, al\u00e9m dos polos que j\u00e1 est\u00e3o sendo transmitidos desde o primeiro final de semana de junho de Caruaru, em Pernambuco, e Campina Grande, na Para\u00edba.<\/p>\n<p><strong>TV Brasil adere \u00e0 alian\u00e7a de emissoras p\u00fablicas Global Doc<\/strong><\/p>\n<p><strong>Unidades de aplica\u00e7\u00e3o do Encceja PPL devem ser indicadas at\u00e9 o dia 4<\/strong><\/p>\n<h2>Arrai\u00e1 Brasil<\/h2>\n<p>O Arrai\u00e1 Brasil \u00e9 um projeto conjunto da <strong>Empresa Brasil de Comunica\u00e7\u00e3o (EBC)<\/strong> e da Rede Nacional de Comunica\u00e7\u00e3o P\u00fablica (RNCP). O especial conta com o apoio do Minist\u00e9rio do Turismo e da Petrobras.<\/p>\n<p><strong>Al\u00e9m da TVE Bahia, as transmiss\u00f5es acontecem em parceria com a PrefTV Caruaru e a UERN TV \u2013 emissora da Universidade Estadual do Rio Grande do Norte \u2013, com apoio da Prefeitura de Campina Grande.<\/strong><\/p>\n<p>A apresenta\u00e7\u00e3o \u00e9 conduzida por Karina Cardoso, M\u00e1rio Sartorello, Sayonara Moreno e Cibele Ten\u00f3rio, com apoio de rep\u00f3rteres das emissoras p\u00fablicas participantes.<\/p>\n<p><strong>Servi\u00e7o<\/strong>\u00a0<\/p>\n<p><strong>R\u00e9us em a\u00e7\u00e3o do golpe, Cid e Braga Netto ficam cara a cara no Supremo<\/strong><\/p>\n<p><strong>Israel ataca pris\u00e3o e supostos alvos militares em Teer\u00e3<\/strong><\/p>\n<p>23 de junho (segunda-feira) \u2013 das 23h \u00e0s 5h<\/p>\n<ul>\n<li>Locais: Bahia, Caruaru (PE) e Campina Grande (PB)<\/li>\n<li>Atra\u00e7\u00f5es: Elba Ramalho, Alceu Valen\u00e7a, Priscila Senna, Parangol\u00e9 e Pablo<\/li>\n<\/ul>\n<p>24 de junho (ter\u00e7a-feira) \u2013 das 23h30 \u00e0s 3h<\/p>\n<ul>\n<li>Locais: Bahia, Caruaru (PE) e Campina Grande (PB)\u00a0<\/li>\n<li>Atra\u00e7\u00f5es: Del Feliz, Cavaleiros do Forr\u00f3 e Adelm\u00e1rio Coelho<\/li>\n<\/ul>\n<\/div>\n","protected":false},"excerpt":{"rendered":"<p>A programa\u00e7\u00e3o do Arrai\u00e1 Brasil 2025 segue com os melhores festejos juninos do Nordeste nesta segunda-feira (23), v\u00e9spera de S\u00e3o<\/p>\n","protected":false},"author":2,"featured_media":0,"comment_status":"","ping_status":"","sticky":false,"template":"","format":"standard","meta":{"colormag_page_container_layout":"default_layout","colormag_page_sidebar_layout":"default_layout","footnotes":""},"categories":[],"tags":[],"class_list":["post-53962","post","type-post","status-publish","format-standard","hentry"],"_links":{"self":[{"href":"https:\/\/euvivoaselecao.com.br\/index.php\/wp-json\/wp\/v2\/posts\/53962","targetHints":{"allow":["GET"]}}],"collection":[{"href":"https:\/\/euvivoaselecao.com.br\/index.php\/wp-json\/wp\/v2\/posts"}],"about":[{"href":"https:\/\/euvivoaselecao.com.br\/index.php\/wp-json\/wp\/v2\/types\/post"}],"author":[{"embeddable":true,"href":"https:\/\/euvivoaselecao.com.br\/index.php\/wp-json\/wp\/v2\/users\/2"}],"replies":[{"embeddable":true,"href":"https:\/\/euvivoaselecao.com.br\/index.php\/wp-json\/wp\/v2\/comments?post=53962"}],"version-history":[{"count":0,"href":"https:\/\/euvivoaselecao.com.br\/index.php\/wp-json\/wp\/v2\/posts\/53962\/revisions"}],"wp:attachment":[{"href":"https:\/\/euvivoaselecao.com.br\/index.php\/wp-json\/wp\/v2\/media?parent=53962"}],"wp:term":[{"taxonomy":"category","embeddable":true,"href":"https:\/\/euvivoaselecao.com.br\/index.php\/wp-json\/wp\/v2\/categories?post=53962"},{"taxonomy":"post_tag","embeddable":true,"href":"https:\/\/euvivoaselecao.com.br\/index.php\/wp-json\/wp\/v2\/tags?post=53962"}],"curies":[{"name":"wp","href":"https:\/\/api.w.org\/{rel}","templated":true}]}}