{"id":53990,"date":"2025-06-23T22:40:42","date_gmt":"2025-06-24T01:40:42","guid":{"rendered":"https:\/\/euvivoaselecao.com.br\/index.php\/2025\/06\/23\/vila-olimpica-no-recreio-dos-bandeirantes-abre-mais-de-640-vagas-para-modalidades-esportivas-prefeitura-da-cidade-do-rio-de-janeiro\/"},"modified":"2025-06-23T22:40:42","modified_gmt":"2025-06-24T01:40:42","slug":"vila-olimpica-no-recreio-dos-bandeirantes-abre-mais-de-640-vagas-para-modalidades-esportivas-prefeitura-da-cidade-do-rio-de-janeiro","status":"publish","type":"post","link":"https:\/\/euvivoaselecao.com.br\/index.php\/2025\/06\/23\/vila-olimpica-no-recreio-dos-bandeirantes-abre-mais-de-640-vagas-para-modalidades-esportivas-prefeitura-da-cidade-do-rio-de-janeiro\/","title":{"rendered":"Vila Ol\u00edmpica no Recreio dos Bandeirantes abre mais de 640 vagas para modalidades esportivas &#8211; Prefeitura da Cidade do Rio de Janeiro"},"content":{"rendered":"<p><\/p>\n<div id=\"main\">\n<div class=\"wrapper-breadcrumbs\" wp_automatic_readability=\"59.913043478261\">\n<div class=\"image-post\" wp_automatic_readability=\"34\">\n                     A abertura de vagas renova o compromisso de levar esporte, sa\u00fade e qualidade de vida para a popula\u00e7\u00e3o. Foto: Divulga\u00e7\u00e3o\/SMEL                  <\/div>\n<p>A Vila Ol\u00edmpica \u201cDidi\u201d, no Recreio dos Bandeirantes, abrir\u00e1 648 vagas para atividades esportivas variadas nesta ter\u00e7a-feira (24\/06). As inscri\u00e7\u00f5es devem ser feitas na secretaria da unidade. Todas as aulas s\u00e3o gratuitas e a faixa et\u00e1ria das atividades \u00e9 a partir dos quatro anos.<\/p>\n<blockquote wp_automatic_readability=\"11\">\n<p>\u2013 As mais de 640 novas vagas gratuitas na Vila Ol\u00edmpica do Recreio refor\u00e7am o nosso compromisso de levar esporte, sa\u00fade e qualidade de vida para a popula\u00e7\u00e3o da regi\u00e3o. Queremos que cada vez mais pessoas tenham acesso \u00e0s atividades esportivas e aos benef\u00edcios que elas proporcionam -, afirma o secret\u00e1rio municipal de Esportes, Guilherme Schleder.<\/p>\n<\/blockquote>\n<p>Entre as atividades dispon\u00edveis est\u00e3o: capoeira, jiu-jitsu, jud\u00f4, carat\u00ea, muaythai, alongamento, bal\u00e9 jazz, dan\u00e7a charme, dan\u00e7a bit dance hits, dan\u00e7a ritmo dance, sapateado, treinamento funcional, xadrez, ioga, pilates solo, hit, jump, medita\u00e7\u00e3o, GAP, corrida de rua, jazz infantil, bal\u00e9 funcional, gin\u00e1stica mix, dan\u00e7a de sal\u00e3o, gin\u00e1stica local, v\u00f4lei, v\u00f4lei master, basquete, handebol e futsal.<\/p>\n<p>Para maiores de 18 anos \u00e9 preciso estar munido da c\u00f3pia da identidade ou certid\u00e3o do aluno, CPF do aluno, identidade do respons\u00e1vel, comprovante de resid\u00eancia, declara\u00e7\u00e3o escolar e atestado m\u00e9dico. Para os menores de idade \u00e9 preciso apresentar a c\u00f3pia da identidade, CPF, comprovante de resid\u00eancia e atestado m\u00e9dico.<\/p>\n<p>O equipamento esportivo funciona de 8h \u00e0s 17h, na Av. Alfredo Balthazar da Silveira, 335, no Recreio dos Bandeirantes. Para evitar filas, as inscri\u00e7\u00f5es ser\u00e3o separadas por modalidades e por dias.<\/p>\n<p><strong>Confira aqui as datas e modalidades:<\/strong><\/p>\n<p>Dia 24\/06: Lutas<\/p>\n<p>Dia 25\/06: Dan\u00e7as e Gin\u00e1sticas<\/p>\n<p>Dia 26\/06: Esportes coletivos<\/p>\n<p>Dia 27\/06: Troca de modalidades e sobra de vagas<\/p>\n<p>             <!-- Compartilhe ---><\/p>\n<p>\t\t\t <!-- TAGS --><\/p>\n<section class=\"category-tags\">\n<div class=\"marcacao-category\">\n<article class=\"category-post\">\n<p>Categoria: <\/p>\n<\/article>\n<li>23 de junho de 2025<\/li><\/div>\n<article class=\"tags\">\n\t\t\t\t\tMarca\u00e7\u00f5es: F\u00e9rias Inscri\u00e7\u00f5es recreio dos bandeirantes Vagas Vila Ol\u00edmpica Didi<br \/><\/article>\n<\/section>\n<p>            <!-- Mais Not&iacute;cias --><\/p>\n<p>\t\t<!-- Conte&uacute;do SIDEBAR --><\/p><\/div>\n<\/p><\/div>\n","protected":false},"excerpt":{"rendered":"<p>A abertura de vagas renova o compromisso de levar esporte, sa\u00fade e qualidade de vida para a popula\u00e7\u00e3o. Foto: Divulga\u00e7\u00e3o\/SMEL<\/p>\n","protected":false},"author":1,"featured_media":0,"comment_status":"","ping_status":"","sticky":false,"template":"","format":"standard","meta":{"colormag_page_container_layout":"default_layout","colormag_page_sidebar_layout":"default_layout","footnotes":""},"categories":[1],"tags":[],"class_list":["post-53990","post","type-post","status-publish","format-standard","hentry","category-sem-categoria"],"_links":{"self":[{"href":"https:\/\/euvivoaselecao.com.br\/index.php\/wp-json\/wp\/v2\/posts\/53990","targetHints":{"allow":["GET"]}}],"collection":[{"href":"https:\/\/euvivoaselecao.com.br\/index.php\/wp-json\/wp\/v2\/posts"}],"about":[{"href":"https:\/\/euvivoaselecao.com.br\/index.php\/wp-json\/wp\/v2\/types\/post"}],"author":[{"embeddable":true,"href":"https:\/\/euvivoaselecao.com.br\/index.php\/wp-json\/wp\/v2\/users\/1"}],"replies":[{"embeddable":true,"href":"https:\/\/euvivoaselecao.com.br\/index.php\/wp-json\/wp\/v2\/comments?post=53990"}],"version-history":[{"count":0,"href":"https:\/\/euvivoaselecao.com.br\/index.php\/wp-json\/wp\/v2\/posts\/53990\/revisions"}],"wp:attachment":[{"href":"https:\/\/euvivoaselecao.com.br\/index.php\/wp-json\/wp\/v2\/media?parent=53990"}],"wp:term":[{"taxonomy":"category","embeddable":true,"href":"https:\/\/euvivoaselecao.com.br\/index.php\/wp-json\/wp\/v2\/categories?post=53990"},{"taxonomy":"post_tag","embeddable":true,"href":"https:\/\/euvivoaselecao.com.br\/index.php\/wp-json\/wp\/v2\/tags?post=53990"}],"curies":[{"name":"wp","href":"https:\/\/api.w.org\/{rel}","templated":true}]}}