{"id":53994,"date":"2025-06-23T23:27:49","date_gmt":"2025-06-24T02:27:49","guid":{"rendered":"https:\/\/euvivoaselecao.com.br\/index.php\/2025\/06\/23\/agencia-minas-gerais-minas-gerais-inicia-nova-turma-do-episus-para-fortalecer-a-vigilancia-em-saude-no-estado-2\/"},"modified":"2025-06-23T23:27:49","modified_gmt":"2025-06-24T02:27:49","slug":"agencia-minas-gerais-minas-gerais-inicia-nova-turma-do-episus-para-fortalecer-a-vigilancia-em-saude-no-estado-2","status":"publish","type":"post","link":"https:\/\/euvivoaselecao.com.br\/index.php\/2025\/06\/23\/agencia-minas-gerais-minas-gerais-inicia-nova-turma-do-episus-para-fortalecer-a-vigilancia-em-saude-no-estado-2\/","title":{"rendered":"Ag\u00eancia Minas Gerais | Minas Gerais inicia nova turma do EpiSUS para fortalecer a vigil\u00e2ncia em sa\u00fade no estado"},"content":{"rendered":"<p><\/p>\n<div>\n<p>Teve in\u00edcio nesta segunda-feira (23\/6), na Escola de Sa\u00fade P\u00fablica de Minas Gerais (ESP-MG), em Belo Horizonte, a aula inaugural da turma do Programa de Treinamento em Epidemiologia Aplicada aos Servi\u00e7os do SUS \u2013 EpiSUS Fundamental. O curso tem como objetivo aprimorar a capacidade dos profissionais de sa\u00fade para identificar, investigar e responder a problemas de sa\u00fade p\u00fablica.<\/p>\n<p dir=\"ltr\">Durante a abertura, a coordenadora do Centro de Informa\u00e7\u00f5es Estrat\u00e9gicas em Vigil\u00e2ncia em Sa\u00fade (Cievs Minas), Eva L\u00eddia Arcoverde, destacou o compromisso necess\u00e1rio dos participantes para o sucesso do treinamento.<\/p>\n<p dir=\"ltr\">\u201c\u00c9 um curso pesado, que contar\u00e1 com oficinas e trabalhos de campo. Por isso, precisamos do comprometimento de voc\u00eas, n\u00e3o s\u00f3 nas aulas, mas tamb\u00e9m nas atividades propostas, para que concluam o curso com o m\u00e1ximo aproveitamento poss\u00edvel\u201d, afirmou.<\/p>\n<p dir=\"ltr\"><strong>Parceria entre institui\u00e7\u00f5es amplia a capacidade da vigil\u00e2ncia em sa\u00fade<\/strong><\/p>\n<p dir=\"ltr\">A iniciativa \u00e9 resultado de uma parceria entre o Minist\u00e9rio da Sa\u00fade, a Secretaria de Estado de Sa\u00fade de Minas Gerais (SES-MG) e a ESP-MG. O curso, que ter\u00e1 dura\u00e7\u00e3o de tr\u00eas meses, combina atividades presenciais com tarefas realizadas nos pr\u00f3prios locais de trabalho dos participantes, permitindo a aplica\u00e7\u00e3o pr\u00e1tica dos conte\u00fados aprendidos.<\/p>\n<p dir=\"ltr\">Ao todo, ser\u00e3o ofertadas 16 turmas, organizadas conforme as prioridades das 16 macrorregi\u00f5es de sa\u00fade do estado. A previs\u00e3o \u00e9 de que 432 profissionais sejam capacitados, fortalecendo a atua\u00e7\u00e3o da vigil\u00e2ncia em sa\u00fade nos munic\u00edpios mineiros. Os treinandos aprender\u00e3o desde a defini\u00e7\u00e3o e notifica\u00e7\u00e3o de casos at\u00e9 a an\u00e1lise de dados para subsidiar decis\u00f5es estrat\u00e9gicas.<\/p>\n<p dir=\"ltr\"><strong>Expectativa \u00e9 multiplicar os conhecimentos nos territ\u00f3rios<\/strong><\/p>\n<p dir=\"ltr\">A superintendente de Educa\u00e7\u00e3o e Pesquisa da ESP-MG, Patr\u00edcia Oliveira, ressaltou a import\u00e2ncia dessa forma\u00e7\u00e3o para o fortalecimento da sa\u00fade p\u00fablica em Minas.<\/p>\n<p dir=\"ltr\">\u201cEsse esfor\u00e7o conjunto entre as institui\u00e7\u00f5es refor\u00e7a nosso compromisso em capacitar profissionais preparados para enfrentar os desafios da vigil\u00e2ncia em sa\u00fade\u201d, afirmou.<\/p>\n<p dir=\"ltr\">Patr\u00edcia ainda adiantou que novas turmas ser\u00e3o formadas at\u00e9 2027 em munic\u00edpios como Varginha, Barbacena, Juiz de Fora, Pouso Alegre e Te\u00f3filo Otoni.<\/p>\n<p dir=\"ltr\">Para o coordenador do N\u00facleo de Vigil\u00e2ncia Epidemiol\u00f3gica da Superintend\u00eancia Regional de Sa\u00fade de Belo Horizonte, Francisco Lemos, a presen\u00e7a dos participantes representa uma grande responsabilidade.<\/p>\n<p dir=\"ltr\">\u201cFizemos um trabalho cuidadoso na sele\u00e7\u00e3o dos munic\u00edpios. Por isso, refor\u00e7amos a import\u00e2ncia de voc\u00eas estarem aqui hoje e, mais ainda, de conclu\u00edrem o curso para aplicar esses novos conhecimentos em seus territ\u00f3rios\u201d, enfatizou.<\/p>\n<p dir=\"ltr\">Al\u00e9m da capacita\u00e7\u00e3o t\u00e9cnica, o EpiSUS tamb\u00e9m visa fortalecer a cultura de tomada de decis\u00e3o baseada em evid\u00eancias. Espera-se que os alunos retornem aos seus munic\u00edpios aptos a replicar o conhecimento adquirido, promovendo uma vigil\u00e2ncia mais eficiente e qualificada em todo o estado.<\/p>\n<p dir=\"ltr\">A assessora t\u00e9cnica do Conselho de Secretarias Municipais de Sa\u00fade de Minas Gerais (Cosems-MG), Magali Brito, destacou que a realiza\u00e7\u00e3o dessa nova turma do EpiSUS \u00e9 um investimento estrat\u00e9gico para o SUS.<\/p>\n<p dir=\"ltr\">\u201cEssa a\u00e7\u00e3o cumpre o que estabelece a lei org\u00e2nica do SUS (Lei 8.080), que prev\u00ea o aprimoramento dos profissionais como parte essencial do fortalecimento da sa\u00fade p\u00fablica\u201d, concluiu.<\/p>\n<p dir=\"ltr\">Com esse esfor\u00e7o conjunto, Minas Gerais d\u00e1 mais um passo para garantir uma resposta ainda mais \u00e1gil e qualificada diante dos desafios em sa\u00fade p\u00fablica, fortalecendo a vigil\u00e2ncia epidemiol\u00f3gica em todo o territ\u00f3rio estadual.<\/p>\n<\/p><\/div>\n","protected":false},"excerpt":{"rendered":"<p>Teve in\u00edcio nesta segunda-feira (23\/6), na Escola de Sa\u00fade P\u00fablica de Minas Gerais (ESP-MG), em Belo Horizonte, a aula inaugural<\/p>\n","protected":false},"author":1,"featured_media":0,"comment_status":"","ping_status":"","sticky":false,"template":"","format":"standard","meta":{"colormag_page_container_layout":"default_layout","colormag_page_sidebar_layout":"default_layout","footnotes":""},"categories":[1],"tags":[],"class_list":["post-53994","post","type-post","status-publish","format-standard","hentry","category-sem-categoria"],"_links":{"self":[{"href":"https:\/\/euvivoaselecao.com.br\/index.php\/wp-json\/wp\/v2\/posts\/53994","targetHints":{"allow":["GET"]}}],"collection":[{"href":"https:\/\/euvivoaselecao.com.br\/index.php\/wp-json\/wp\/v2\/posts"}],"about":[{"href":"https:\/\/euvivoaselecao.com.br\/index.php\/wp-json\/wp\/v2\/types\/post"}],"author":[{"embeddable":true,"href":"https:\/\/euvivoaselecao.com.br\/index.php\/wp-json\/wp\/v2\/users\/1"}],"replies":[{"embeddable":true,"href":"https:\/\/euvivoaselecao.com.br\/index.php\/wp-json\/wp\/v2\/comments?post=53994"}],"version-history":[{"count":0,"href":"https:\/\/euvivoaselecao.com.br\/index.php\/wp-json\/wp\/v2\/posts\/53994\/revisions"}],"wp:attachment":[{"href":"https:\/\/euvivoaselecao.com.br\/index.php\/wp-json\/wp\/v2\/media?parent=53994"}],"wp:term":[{"taxonomy":"category","embeddable":true,"href":"https:\/\/euvivoaselecao.com.br\/index.php\/wp-json\/wp\/v2\/categories?post=53994"},{"taxonomy":"post_tag","embeddable":true,"href":"https:\/\/euvivoaselecao.com.br\/index.php\/wp-json\/wp\/v2\/tags?post=53994"}],"curies":[{"name":"wp","href":"https:\/\/api.w.org\/{rel}","templated":true}]}}