{"id":54009,"date":"2025-06-24T01:48:48","date_gmt":"2025-06-24T04:48:48","guid":{"rendered":"https:\/\/euvivoaselecao.com.br\/index.php\/2025\/06\/24\/agencia-minas-gerais-uais-realizam-mobilizacao-para-incentivar-a-doacao-de-sangue-em-minas-gerais\/"},"modified":"2025-06-24T01:48:48","modified_gmt":"2025-06-24T04:48:48","slug":"agencia-minas-gerais-uais-realizam-mobilizacao-para-incentivar-a-doacao-de-sangue-em-minas-gerais","status":"publish","type":"post","link":"https:\/\/euvivoaselecao.com.br\/index.php\/2025\/06\/24\/agencia-minas-gerais-uais-realizam-mobilizacao-para-incentivar-a-doacao-de-sangue-em-minas-gerais\/","title":{"rendered":"Ag\u00eancia Minas Gerais | UAIs realizam mobiliza\u00e7\u00e3o para incentivar a doa\u00e7\u00e3o de sangue em Minas Gerais"},"content":{"rendered":"<p><\/p>\n<div>\n<p>O Governo de Minas realiza, nesta semana e na pr\u00f3xima, uma mobiliza\u00e7\u00e3o nas Unidades de Atendimento Integrado (UAIs) de dez munic\u00edpios mineiros como parte da campanha Junho Vermelho. A a\u00e7\u00e3o, promovida pela Secretaria de Estado de Planejamento e Gest\u00e3o (Seplag-MG) e pela Funda\u00e7\u00e3o Centro de Hematologia e Hemoterapia do Estado de Minas Gerais (Hemominas), busca incentivar a doa\u00e7\u00e3o de sangue durante o inverno, um per\u00edodo cr\u00edtico para os estoques dos hemocentros.<\/p>\n<p>As a\u00e7\u00f5es ter\u00e3o in\u00edcio ter\u00e7a-feira (24\/6), \u00e0s 9h30, nas UAIs em nove cidades do interior de Minas, que receber\u00e3o atividades de conscientiza\u00e7\u00e3o sobre a import\u00e2ncia de doar sangue. Participam da mobiliza\u00e7\u00e3o as UAIs de Diamantina, Governador Valadares, Juiz de Fora (Shopping Jardim Norte), Montes Claros, Po\u00e7os de Caldas, Pouso Alegre, S\u00e3o Jo\u00e3o del-Rei, Sete Lagoas e Uberaba.<\/p>\n<p>Em Belo Horizonte, a a\u00e7\u00e3o ser\u00e1 realizada na quinta-feira (26\/6), \u00e0s 10h, na UAI Pra\u00e7a Sete, e na quarta-feira (2\/7), \u00e0s 10h, na UAI Venda Nova. As unidades participantes s\u00e3o geridas por meio de parceria p\u00fablico-privada com o Cons\u00f3rcio CiX \u2013 Citizen Experience.<\/p>\n<p>A diretora Central de Gest\u00e3o das Unidades de Atendimento Integrado da Seplag-MG, Marina Kleinhappel, destaca o papel das UAIs como pontos estrat\u00e9gicos de mobiliza\u00e7\u00e3o social. \u201cAs UAIs t\u00eam grande capilaridade e fluxo de pessoas, o que torna o espa\u00e7o ideal para a\u00e7\u00f5es de conscientiza\u00e7\u00e3o como essa. A doa\u00e7\u00e3o de sangue \u00e9 um gesto que salva vidas, e queremos incentivar cada vez mais mineiros a fazer parte dessa corrente de solidariedade\u201d, afirma.<\/p>\n<p><b>Mobiliza\u00e7\u00e3o<\/b><\/p>\n<p>Durante a a\u00e7\u00e3o, os usu\u00e1rios das unidades receber\u00e3o orienta\u00e7\u00f5es sobre o processo de doa\u00e7\u00e3o, com o apoio de servidores e volunt\u00e1rios treinados. Representantes da Hemominas tamb\u00e9m estar\u00e3o presentes nas UAIs para dialogar com a popula\u00e7\u00e3o e refor\u00e7ar o convite \u00e0 participa\u00e7\u00e3o ativa na campanha.<\/p>\n<p>A iniciativa busca aproximar a popula\u00e7\u00e3o dos servi\u00e7os da Hemominas por meio de informa\u00e7\u00f5es claras e acess\u00edveis, alertando sobre a queda nos estoques de sangue, comum nos meses mais frios do ano. A campanha tamb\u00e9m refor\u00e7a a import\u00e2ncia das doa\u00e7\u00f5es regulares para garantir a continuidade de cirurgias, tratamentos e atendimentos de urg\u00eancia em todo o estado.<\/p>\n<p><b>Agendamento<\/b><\/p>\n<p>Para doar sangue em Minas Gerais, \u00e9 necess\u00e1rio agendar a doa\u00e7\u00e3o pelo neste site\u00a0ou pelo aplicativo MG App \u2013 Cidad\u00e3o. O doador deve estar em boas condi\u00e7\u00f5es de sa\u00fade, pesar mais de 50 quilos e ter entre 16 e 69 anos. Menores de 18 anos precisam de autoriza\u00e7\u00e3o formal dos respons\u00e1veis.<\/p>\n<\/p><\/div>\n","protected":false},"excerpt":{"rendered":"<p>O Governo de Minas realiza, nesta semana e na pr\u00f3xima, uma mobiliza\u00e7\u00e3o nas Unidades de Atendimento Integrado (UAIs) de dez<\/p>\n","protected":false},"author":1,"featured_media":0,"comment_status":"","ping_status":"","sticky":false,"template":"","format":"standard","meta":{"colormag_page_container_layout":"default_layout","colormag_page_sidebar_layout":"default_layout","footnotes":""},"categories":[1],"tags":[],"class_list":["post-54009","post","type-post","status-publish","format-standard","hentry","category-sem-categoria"],"_links":{"self":[{"href":"https:\/\/euvivoaselecao.com.br\/index.php\/wp-json\/wp\/v2\/posts\/54009","targetHints":{"allow":["GET"]}}],"collection":[{"href":"https:\/\/euvivoaselecao.com.br\/index.php\/wp-json\/wp\/v2\/posts"}],"about":[{"href":"https:\/\/euvivoaselecao.com.br\/index.php\/wp-json\/wp\/v2\/types\/post"}],"author":[{"embeddable":true,"href":"https:\/\/euvivoaselecao.com.br\/index.php\/wp-json\/wp\/v2\/users\/1"}],"replies":[{"embeddable":true,"href":"https:\/\/euvivoaselecao.com.br\/index.php\/wp-json\/wp\/v2\/comments?post=54009"}],"version-history":[{"count":0,"href":"https:\/\/euvivoaselecao.com.br\/index.php\/wp-json\/wp\/v2\/posts\/54009\/revisions"}],"wp:attachment":[{"href":"https:\/\/euvivoaselecao.com.br\/index.php\/wp-json\/wp\/v2\/media?parent=54009"}],"wp:term":[{"taxonomy":"category","embeddable":true,"href":"https:\/\/euvivoaselecao.com.br\/index.php\/wp-json\/wp\/v2\/categories?post=54009"},{"taxonomy":"post_tag","embeddable":true,"href":"https:\/\/euvivoaselecao.com.br\/index.php\/wp-json\/wp\/v2\/tags?post=54009"}],"curies":[{"name":"wp","href":"https:\/\/api.w.org\/{rel}","templated":true}]}}