{"id":54049,"date":"2025-06-24T10:33:55","date_gmt":"2025-06-24T13:33:55","guid":{"rendered":"https:\/\/euvivoaselecao.com.br\/index.php\/2025\/06\/24\/academia-carioca-dezesseis-anos-transformando-vidas-no-rio-prefeitura-da-cidade-do-rio-de-janeiro\/"},"modified":"2025-06-24T10:33:55","modified_gmt":"2025-06-24T13:33:55","slug":"academia-carioca-dezesseis-anos-transformando-vidas-no-rio-prefeitura-da-cidade-do-rio-de-janeiro","status":"publish","type":"post","link":"https:\/\/euvivoaselecao.com.br\/index.php\/2025\/06\/24\/academia-carioca-dezesseis-anos-transformando-vidas-no-rio-prefeitura-da-cidade-do-rio-de-janeiro\/","title":{"rendered":"Academia Carioca: dezesseis anos transformando vidas no Rio &#8211; Prefeitura da Cidade do Rio de Janeiro"},"content":{"rendered":"<p><\/p>\n<div id=\"main\">\n<div class=\"wrapper-breadcrumbs\" wp_automatic_readability=\"66.272084805654\">\n<div class=\"image-post\" wp_automatic_readability=\"32\">\n                     Albanir e Cosme s\u00e3o alunos do programa Academia Carioca &#8211; Beatriz F\u00e9lix\/SMS                  <\/div>\n<p>O programa Academia Carioca completa, nesta ter\u00e7a-feira (24\/6), dezesseis anos, e mais de 1,4 milh\u00e3o de pessoas j\u00e1 passaram pelas aulas desde 2009. Neste tempo, muitas hist\u00f3rias se misturam com a do programa, mostrando o objetivo do servi\u00e7o e o compromisso di\u00e1rio dos profissionais com a qualidade de vida da popula\u00e7\u00e3o carioca. \u00c9 o caso da dona Albanir, que j\u00e1 passou por v\u00e1rias turmas e faz as aulas de atividades f\u00edsicas com os professores das unidades de sa\u00fade h\u00e1 16 anos, e Cosme, que melhorou a qualidade de vida nos \u00faltimos anos.<\/p>\n<p>Em 2009, 417 pessoas aderiram nas unidades de Aten\u00e7\u00e3o Prim\u00e1ria (cl\u00ednicas da fam\u00edlia e centros municipais de sa\u00fade) \u00e0s aulas do programa Academia Carioca, uma iniciativa com foco na qualidade de vida, por meio da atividade f\u00edsica. Desde ent\u00e3o, mais de 1,4 milh\u00e3o de participantes passaram pelo programa da Secretaria Municipal de Sa\u00fade do Rio de Janeiro.<\/p>\n<p>Nestes 16 anos de Academia Carioca, quem tem hist\u00f3ria para contar \u00e9 a Albanir Marques de Moraes, de 73 anos. A idosa \u00e9 aluna desde 2009 e j\u00e1 passou por algumas turmas, e hoje faz aula na Cl\u00ednica da Fam\u00edlia Est\u00e1cio de S\u00e1. Diagnosticada com depress\u00e3o h\u00e1 alguns anos, ela conta os benef\u00edcios da atividade f\u00edsica.<\/p>\n<blockquote wp_automatic_readability=\"17\">\n<p>\u2013 Eu j\u00e1 tive depress\u00e3o. Ent\u00e3o eu fa\u00e7o academia, eu fa\u00e7o artesanato, aula de teatro, eu assisto pe\u00e7as\u2026 Porque cabe\u00e7a vazia, minha filha, n\u00e3o d\u00e1. E tomo os rem\u00e9dios tamb\u00e9m, mas s\u00f3 isso n\u00e3o basta. A minha sa\u00fade melhorou bastante. Vem gente! Vem, vem gente pra Academia Carioca que \u00e9 muito bom, \u00e9 excelente \u2013 disse a idosa, que sempre incentiva os amigos a fazer as aulas.<\/p>\n<\/blockquote>\n<p>Cosme Pereira da Silva, de 63 anos, faz atividade por indica\u00e7\u00e3o m\u00e9dica para ajudar no tratamento das comorbidades. Cardiopata e com hipertens\u00e3o, ele faz aulas na unidade h\u00e1 seis anos e \u00e9 um exemplo das mudan\u00e7as que o Programa Academia Carioca trouxe para a qualidade de vida dos cariocas.<\/p>\n<blockquote wp_automatic_readability=\"9\">\n<p>\u2013 Faz muito bem para a minha sa\u00fade. Desde que o meu m\u00e9dico receitou fazer atividade eu tenho mais disposi\u00e7\u00e3o, minhas condi\u00e7\u00f5es cl\u00ednicas melhoraram. E a gente vai chegando numa idade que se parar enferruja, n\u00e3o \u00e9?<\/p>\n<\/blockquote>\n<p>Nesses 16 anos, a Academia Carioca refor\u00e7ou seu objetivo de reiterar a pr\u00e1tica regular de atividade f\u00edsica como uma ferramenta de transforma\u00e7\u00e3o na sa\u00fade f\u00edsica, mental, social, cultural e claro, a sa\u00fade comunit\u00e1ria.<\/p>\n<blockquote wp_automatic_readability=\"11\">\n<p>\u2013 Hoje \u00e9 um dia muito especial. Neste dia 24 de junho, o programa Academia Carioca completa dezesseis anos. E comemorar essa trajet\u00f3ria \u00e9 celebrar o compromisso com a sa\u00fade da popula\u00e7\u00e3o. Essa miss\u00e3o nasceu de um prop\u00f3sito: colocar a pr\u00e1tica de atividade f\u00edsica regular como um servi\u00e7o de sa\u00fade p\u00fablica acess\u00edvel, essencial e cotidiano na vida das pessoas \u2013 contou a coordenadora do programa Academia Carioca, J\u00fania Cardoso.<\/p>\n<\/blockquote>\n<p>Muito al\u00e9m das atividades f\u00edsicas como preven\u00e7\u00e3o de doen\u00e7as e a redu\u00e7\u00e3o de medicamentos, o programa Academia Carioca atua tamb\u00e9m na mobiliza\u00e7\u00e3o e divulga\u00e7\u00e3o de importantes a\u00e7\u00f5es de sa\u00fade nos territ\u00f3rios, como incentivo \u00e0 vacina\u00e7\u00e3o, passeios culturais para reconectar seus participantes com a cidade e inclus\u00e3o digital.<\/p>\n<p>             <!-- Compartilhe ---><\/p>\n<p>\t\t\t <!-- TAGS --><\/p>\n<section class=\"category-tags\">\n<div class=\"marcacao-category\">\n<article class=\"category-post\">\n<p>Categoria: <\/p>\n<\/article>\n<li>24 de junho de 2025<\/li><\/div>\n<article class=\"tags\">\n\t\t\t\t\tMarca\u00e7\u00f5es: atividade f\u00edsica Programa Academia Carioca qualidade de vida<br \/><\/article>\n<\/section>\n<p>            <!-- Mais Not&iacute;cias --><\/p>\n<p>\t\t<!-- Conte&uacute;do SIDEBAR --><\/p><\/div>\n<\/p><\/div>\n","protected":false},"excerpt":{"rendered":"<p>Albanir e Cosme s\u00e3o alunos do programa Academia Carioca &#8211; Beatriz F\u00e9lix\/SMS O programa Academia Carioca completa, nesta ter\u00e7a-feira (24\/6),<\/p>\n","protected":false},"author":1,"featured_media":0,"comment_status":"","ping_status":"","sticky":false,"template":"","format":"standard","meta":{"colormag_page_container_layout":"default_layout","colormag_page_sidebar_layout":"default_layout","footnotes":""},"categories":[1],"tags":[],"class_list":["post-54049","post","type-post","status-publish","format-standard","hentry","category-sem-categoria"],"_links":{"self":[{"href":"https:\/\/euvivoaselecao.com.br\/index.php\/wp-json\/wp\/v2\/posts\/54049","targetHints":{"allow":["GET"]}}],"collection":[{"href":"https:\/\/euvivoaselecao.com.br\/index.php\/wp-json\/wp\/v2\/posts"}],"about":[{"href":"https:\/\/euvivoaselecao.com.br\/index.php\/wp-json\/wp\/v2\/types\/post"}],"author":[{"embeddable":true,"href":"https:\/\/euvivoaselecao.com.br\/index.php\/wp-json\/wp\/v2\/users\/1"}],"replies":[{"embeddable":true,"href":"https:\/\/euvivoaselecao.com.br\/index.php\/wp-json\/wp\/v2\/comments?post=54049"}],"version-history":[{"count":0,"href":"https:\/\/euvivoaselecao.com.br\/index.php\/wp-json\/wp\/v2\/posts\/54049\/revisions"}],"wp:attachment":[{"href":"https:\/\/euvivoaselecao.com.br\/index.php\/wp-json\/wp\/v2\/media?parent=54049"}],"wp:term":[{"taxonomy":"category","embeddable":true,"href":"https:\/\/euvivoaselecao.com.br\/index.php\/wp-json\/wp\/v2\/categories?post=54049"},{"taxonomy":"post_tag","embeddable":true,"href":"https:\/\/euvivoaselecao.com.br\/index.php\/wp-json\/wp\/v2\/tags?post=54049"}],"curies":[{"name":"wp","href":"https:\/\/api.w.org\/{rel}","templated":true}]}}