{"id":54051,"date":"2025-06-24T10:43:24","date_gmt":"2025-06-24T13:43:24","guid":{"rendered":"https:\/\/euvivoaselecao.com.br\/index.php\/2025\/06\/24\/contratacao-de-um-atacante-e-a-prioridade-do-vasco-na-janela\/"},"modified":"2025-06-24T10:43:24","modified_gmt":"2025-06-24T13:43:24","slug":"contratacao-de-um-atacante-e-a-prioridade-do-vasco-na-janela","status":"publish","type":"post","link":"https:\/\/euvivoaselecao.com.br\/index.php\/2025\/06\/24\/contratacao-de-um-atacante-e-a-prioridade-do-vasco-na-janela\/","title":{"rendered":"Contrata\u00e7\u00e3o de um atacante \u00e9 a prioridade do Vasco na janela"},"content":{"rendered":"<p><\/p>\n<div>O Vasco tem a contrata\u00e7\u00e3o de um atacante como prioridade m\u00e1xima no pr\u00f3ximo mercado de transfer\u00eancias. A ideia de Fernando Diniz e da dire\u00e7\u00e3o vasca\u00edna \u00e9 aumentar o poder de fogo do time no elenco e ter mais um jogador de qualidade para fazer companhia a Nuno Moreira, Vegetti e Rayan.<\/p>\n<p>Como o Vasco tem tr\u00eas competi\u00e7\u00f5es em disputa no calend\u00e1rio de 2025, a ideia \u00e9 aumentar as op\u00e7\u00f5es para o ataque com jogadores que cheguem para jogar. O diretor Admar Lopes revelou que o clube deve fazer investimentos somente em atletas que ajudem \u201cde forma inequ\u00edvoca\u201d.\n<\/p>\n<p>\u2014 Acho que o elenco \u00e9 um pouco desequilibrado em algumas fun\u00e7\u00f5es, pode faltar um ou outro perfil, mas sei que o Diniz quer jogadores que cheguem e ajudem de forma inequ\u00edvoca \u2014 disse o diretor, que completou:\n<\/p>\n<p>\u2014 Trazer por trazer n\u00e3o faz sentido nem para ele e nem para n\u00f3s. H\u00e1 um ou outro perfil que falte, estamos analisando, mas creio que h\u00e1 potencial para o elenco fazer melhor do que fez at\u00e9 esta altura da temporada.\n<\/p>\n<p><center><\/p>\n<p><iframe class=\"embed-responsive-item\" allowfullscreen=\"\" src=\"https:\/\/s.videos.globo.com\/p3\/amp\/index.html?videosids=13691824\"><\/iframe><\/p>\n<p>Admar Lopes v\u00ea elenco do Vasco \u201cum pouquinho desequilibrado em algumas fun\u00e7\u00f5es\u201d<\/p>\n<p><\/center><\/p>\n<p>Uma das posi\u00e7\u00f5es que o Vasco considera desequilibrada \u00e9 o ataque. Apesar de ter boas op\u00e7\u00f5es no setor, como Vegetti, Nuno Moreira e Rayan, faltam op\u00e7\u00f5es no banco de reservas ou de outros perfis. Adson ainda n\u00e3o voltou ao n\u00edvel de 2024 depois de se recuperar de les\u00e3o, enquanto Loide e Garr\u00e9 n\u00e3o empolgaram.\n<\/p>\n<p>Entre as posi\u00e7\u00f5es do ataque, sabe-se que as pontas s\u00e3o uma prioridade. Vegetti \u00e9 a \u00fanica pe\u00e7a entre os atacantes centrais, mas Rayan pode atuar como um jogador m\u00f3vel na aus\u00eancia do argentino na frente.\n<\/p>\n<p>O Vasco tamb\u00e9m est\u00e1 de olho na contrata\u00e7\u00e3o de um primeiro volante. O clube quer um jogador com status de titular para o time. No setor, o elenco tem Hugo Moura, Mateus Carvalho, Jair e Sforza \u2014 os dois \u00faltimos tratados como negoci\u00e1veis.\n<\/p>\n<p>O clube n\u00e3o descartava a contrata\u00e7\u00e3o de um meia de liga\u00e7\u00e3o reserva para o elenco, depois que Payet deixou o Vasco ao rescindir o contrato, mas esta posi\u00e7\u00e3o ser\u00e1 observada mais de perto em caso de uma grande oportunidade de mercado.\n<\/p>\n<p><b>Brian Rodr\u00edguez, Helinho, Victor S\u00e1\u2026<\/b>\n<\/p>\n<p>Antes da chegada de Admar Lopes, o departamento do Vasco j\u00e1 trabalhava para mapear nomes para o ataque. Alguns deles j\u00e1 s\u00e3o p\u00fablicos e conhecidos da torcida vasca\u00edna, por novelas em janelas de transfer\u00eancias recentes.\n<\/p>\n<p>Brian Rodr\u00edguez, atacante do Am\u00e9rica, do M\u00e9xico, e Victor S\u00e1, do Krasnodar, da R\u00fassia, foram alvos no in\u00edcio do ano para o time titular. As negocia\u00e7\u00f5es com ambos n\u00e3o se concretizaram, mas o Vasco n\u00e3o fechou as portas para os dois em rela\u00e7\u00e3o ao meio do ano, como o ge revelou em janeiro.\n<\/p>\n<p>O Vasco entende que no caso de Brian Rodr\u00edguez, a engenharia financeira j\u00e1 estaria montada, uma vez que o Am\u00e9rica havia aceitado a proposta do clube carioca no in\u00edcio do ano. No entanto, sabe-se que o atacante tem a procura de outros times da Europa e da Am\u00e9rica do Norte. A dire\u00e7\u00e3o gosta do nome por um poss\u00edvel potencial de revenda, al\u00e9m da qualidade t\u00e9cnica do uruguaio.\n<\/p>\n<p>Sobre Victor S\u00e1, o Vasco entende que o atacante neste momento \u00e9 caro e n\u00e3o tem potencial de revenda, apesar de ser um jogador para somar ao elenco. Ele foi contratado pelo Krasnodar no ano passado. Valeria mais um investimento em um atacante mais jovem que pudesse ser vendido no futuro.\n<\/p>\n<p>Helinho \u00e9 um nome que encaixa neste perfil e tem as aprova\u00e7\u00f5es do scout do Vasco e da dire\u00e7\u00e3o. H\u00e1 sondagens desde a \u00faltima temporada pelo atacante canhoto. As conversas tamb\u00e9m n\u00e3o avan\u00e7aram. O nome interessa ao clube pelo futebol apresentado no per\u00edodo do Bragantino e pelo momento do jogador no Toluca. A equipe mexicana n\u00e3o vem aproveitando o atleta com frequ\u00eancia.\n<\/p>\n<p>Apesar de todos os nomes j\u00e1 divulgados, o Vasco tem uma lista de atacantes que cabem no or\u00e7amento do clube, al\u00e9m de ter o perfil de algu\u00e9m que chegaria para jogar. Uma estrat\u00e9gia de negocia\u00e7\u00e3o seria uma compra parcial dos direitos econ\u00f4micos dos atletas, com pagamentos parcelados, ou empr\u00e9stimos com op\u00e7\u00f5es de compra para o futuro.\n<\/p>\n<p>O Vasco tamb\u00e9m conta com o conhecimento de mercado de Admar Lopes, novo diretor do clube, que tem a miss\u00e3o de encontrar poss\u00edveis refor\u00e7os. Quando foi olheiro na Europa, ele teve sucesso ao recrutar atletas do mercado sul-americano em clubes por onde passou, como no Porto, no Lille e no Monaco.\n<\/p>\n<p>Fonte: ge<\/p>\n<\/div>\n<p><script async defer crossorigin=\"anonymous\" src=\"https:\/\/connect.facebook.net\/pt_BR\/sdk.js#xfbml=1&amp;version=v12.0&amp;appId=114327694422&amp;autoLogAppEvents=1\" nonce=\"4kp7RAsD\"><\/script><\/p>\n","protected":false},"excerpt":{"rendered":"<p>O Vasco tem a contrata\u00e7\u00e3o de um atacante como prioridade m\u00e1xima no pr\u00f3ximo mercado de transfer\u00eancias. A ideia de Fernando<\/p>\n","protected":false},"author":1,"featured_media":0,"comment_status":"","ping_status":"","sticky":false,"template":"","format":"standard","meta":{"colormag_page_container_layout":"default_layout","colormag_page_sidebar_layout":"default_layout","footnotes":""},"categories":[1],"tags":[],"class_list":["post-54051","post","type-post","status-publish","format-standard","hentry","category-sem-categoria"],"_links":{"self":[{"href":"https:\/\/euvivoaselecao.com.br\/index.php\/wp-json\/wp\/v2\/posts\/54051","targetHints":{"allow":["GET"]}}],"collection":[{"href":"https:\/\/euvivoaselecao.com.br\/index.php\/wp-json\/wp\/v2\/posts"}],"about":[{"href":"https:\/\/euvivoaselecao.com.br\/index.php\/wp-json\/wp\/v2\/types\/post"}],"author":[{"embeddable":true,"href":"https:\/\/euvivoaselecao.com.br\/index.php\/wp-json\/wp\/v2\/users\/1"}],"replies":[{"embeddable":true,"href":"https:\/\/euvivoaselecao.com.br\/index.php\/wp-json\/wp\/v2\/comments?post=54051"}],"version-history":[{"count":0,"href":"https:\/\/euvivoaselecao.com.br\/index.php\/wp-json\/wp\/v2\/posts\/54051\/revisions"}],"wp:attachment":[{"href":"https:\/\/euvivoaselecao.com.br\/index.php\/wp-json\/wp\/v2\/media?parent=54051"}],"wp:term":[{"taxonomy":"category","embeddable":true,"href":"https:\/\/euvivoaselecao.com.br\/index.php\/wp-json\/wp\/v2\/categories?post=54051"},{"taxonomy":"post_tag","embeddable":true,"href":"https:\/\/euvivoaselecao.com.br\/index.php\/wp-json\/wp\/v2\/tags?post=54051"}],"curies":[{"name":"wp","href":"https:\/\/api.w.org\/{rel}","templated":true}]}}