{"id":54052,"date":"2025-06-24T10:44:31","date_gmt":"2025-06-24T13:44:31","guid":{"rendered":"https:\/\/euvivoaselecao.com.br\/index.php\/2025\/06\/24\/federacao-entra-no-stf-contra-lei-que-criou-tropa-de-elite-armada\/"},"modified":"2025-06-24T10:44:31","modified_gmt":"2025-06-24T13:44:31","slug":"federacao-entra-no-stf-contra-lei-que-criou-tropa-de-elite-armada","status":"publish","type":"post","link":"https:\/\/euvivoaselecao.com.br\/index.php\/2025\/06\/24\/federacao-entra-no-stf-contra-lei-que-criou-tropa-de-elite-armada\/","title":{"rendered":"federa\u00e7\u00e3o entra no STF contra lei que criou tropa de elite armada"},"content":{"rendered":"<p><\/p>\n<div wp_automatic_readability=\"64.292158968851\">\n<p><strong>A Federa\u00e7\u00e3o Nacional de Sindicatos de Servidores das Guardas Municipais (Fenaguardas) entrou com recurso no Supremo Tribunal Federal (STF) contra trechos da lei que criou uma divis\u00e3o armada na Guarda Municipal do Rio de Janeiro (GM-Rio).<\/strong> Em\u00a0Argui\u00e7\u00e3o de Descumprimento de Preceito Fundamental\u00a0(ADPF) 1238\u00a0, a entidade afirma que a norma carioca viola a Constitui\u00e7\u00e3o.<\/p>\n<p>A Lei Complementar Municipal 282\/2025, sancionada neste m\u00eas, autoriza que a chamada \u201cdivis\u00e3o de elite\u201d da GM-Rio seja formada por funcion\u00e1rios tempor\u00e1rios, vinculados ou n\u00e3o \u00e0 corpora\u00e7\u00e3o, com direito a porte de arma de fogo. O texto tamb\u00e9m institui a carga de confian\u00e7a do gestor da Seguran\u00e7a P\u00fablica Municipal \u2013 que o autor da ADPF alega ser semelhante a outro j\u00e1 existente.<\/p>\n<p>No \u00faltimo dia 10 de junho, a C\u00e2mara dos Vereadores do Rio\u00a0aprovou, a cria\u00e7\u00e3o de um grupamento especial na Guarda Municipal que ter\u00e1 permiss\u00e3o para usar arma de fogo.\u00a0A chamada Divis\u00e3o de Elite ser\u00e1 composta prioritariamente por guardas municipais, mas estar\u00e1 aberta tamb\u00e9m a ex-militares das For\u00e7as Armadas.<\/p>\n<p><strong>Temperatura cai no Rio, com ventania e mar de ressaca<\/strong><\/p>\n<p><strong>Brasileira continua \u00e0 espera de resgate na Indon\u00e9sia depois de 4 dias<\/strong><\/p>\n<p>A remunera\u00e7\u00e3o prevista \u00e9 de R$ 13 mil. Tamb\u00e9m ser\u00e1 permitida a contrata\u00e7\u00e3o de agentes da nova divis\u00e3o por tempo determinado de um ano, prazo que poder\u00e1 ser prorrogado por at\u00e9 cinco vezes.\u00a0O projeto de lei complementar 13\/2025 foi aprovado com 34 votos favor\u00e1veis e 14 contr\u00e1rios.<\/p>\n<p>O prefeito Eduardo Paes sancionou tr\u00eas dias ap\u00f3s a C\u00e2mara de Vereadores do Rio aprovar o projeto enviado pelo Executivo,\u00a0 a lei que cria a For\u00e7a Municipal, divis\u00e3o de elite da Guarda Municipal,\u00a0 com autoriza\u00e7\u00e3o para uso de armas de fogo. <strong>Com fun\u00e7\u00f5es de policiamento ostensivo, preventivo e comunit\u00e1rio, o novo grupamento atuar\u00e1 nas ruas da capital.<\/strong><\/p>\n<p><strong>Para a Fenaguardas, a norma fere os crit\u00e9rios constitucionais para ingresso no servi\u00e7o p\u00fablico, desrespeita crit\u00e9rios para ocupa\u00e7\u00e3o de cargos de chefia, desvirtua as compet\u00eancias pr\u00f3prias das guardas municipais e amplia, de forma irregular, o acesso ao porte de arma de fogo sem respaldo legal.<\/strong><\/p>\n<p>A entidade pede que o STF reserve a divis\u00e3o especial a concursados, derrube a carga de gestor, pro\u00edba o\u00a0porte\u00a0de arma para tempor\u00e1rios e barre contrata\u00e7\u00f5es sem concurso p\u00fablico para fun\u00e7\u00f5es t\u00edpicas de Estado. Tamb\u00e9m quer que o Supremo fixe o entendimento de que as atividades das guardas municipais devem ser exercidas por cargas criadas e exigidas por concurso.<\/p>\n<p><strong>Sobrevivente relata queda de bal\u00e3o em SC e fala de piloto que pode ser preso<\/strong><\/p>\n<p><strong>Queimadas atingiram 30 milh\u00f5es de hectares no pa\u00eds em 2024<\/strong><\/p>\n<p>A ADPF 1238 foi distribu\u00edda ao ministro Edson Fachin, do STF.<\/p>\n<\/div>\n","protected":false},"excerpt":{"rendered":"<p>A Federa\u00e7\u00e3o Nacional de Sindicatos de Servidores das Guardas Municipais (Fenaguardas) entrou com recurso no Supremo Tribunal Federal (STF) contra<\/p>\n","protected":false},"author":2,"featured_media":0,"comment_status":"","ping_status":"","sticky":false,"template":"","format":"standard","meta":{"colormag_page_container_layout":"default_layout","colormag_page_sidebar_layout":"default_layout","footnotes":""},"categories":[],"tags":[],"class_list":["post-54052","post","type-post","status-publish","format-standard","hentry"],"_links":{"self":[{"href":"https:\/\/euvivoaselecao.com.br\/index.php\/wp-json\/wp\/v2\/posts\/54052","targetHints":{"allow":["GET"]}}],"collection":[{"href":"https:\/\/euvivoaselecao.com.br\/index.php\/wp-json\/wp\/v2\/posts"}],"about":[{"href":"https:\/\/euvivoaselecao.com.br\/index.php\/wp-json\/wp\/v2\/types\/post"}],"author":[{"embeddable":true,"href":"https:\/\/euvivoaselecao.com.br\/index.php\/wp-json\/wp\/v2\/users\/2"}],"replies":[{"embeddable":true,"href":"https:\/\/euvivoaselecao.com.br\/index.php\/wp-json\/wp\/v2\/comments?post=54052"}],"version-history":[{"count":0,"href":"https:\/\/euvivoaselecao.com.br\/index.php\/wp-json\/wp\/v2\/posts\/54052\/revisions"}],"wp:attachment":[{"href":"https:\/\/euvivoaselecao.com.br\/index.php\/wp-json\/wp\/v2\/media?parent=54052"}],"wp:term":[{"taxonomy":"category","embeddable":true,"href":"https:\/\/euvivoaselecao.com.br\/index.php\/wp-json\/wp\/v2\/categories?post=54052"},{"taxonomy":"post_tag","embeddable":true,"href":"https:\/\/euvivoaselecao.com.br\/index.php\/wp-json\/wp\/v2\/tags?post=54052"}],"curies":[{"name":"wp","href":"https:\/\/api.w.org\/{rel}","templated":true}]}}