{"id":54099,"date":"2025-06-24T20:34:00","date_gmt":"2025-06-24T23:34:00","guid":{"rendered":"https:\/\/euvivoaselecao.com.br\/index.php\/2025\/06\/24\/sera-um-marco-para-o-futebol-feminino-diz-marta-sobre-copa-no-brasil\/"},"modified":"2025-06-24T20:34:00","modified_gmt":"2025-06-24T23:34:00","slug":"sera-um-marco-para-o-futebol-feminino-diz-marta-sobre-copa-no-brasil","status":"publish","type":"post","link":"https:\/\/euvivoaselecao.com.br\/index.php\/2025\/06\/24\/sera-um-marco-para-o-futebol-feminino-diz-marta-sobre-copa-no-brasil\/","title":{"rendered":"Ser\u00e1 um marco para o futebol feminino, diz Marta sobre Copa no Brasil"},"content":{"rendered":"<p><\/p>\n<div wp_automatic_readability=\"49.47613679068\">\n<p>Faltam dois anos para a abertura da Copa do Mundo de futebol feminino no Brasil, <strong>com jogos em oito capitais<\/strong>:\u00a0Belo Horizonte, Bras\u00edlia, Fortaleza, Porto Alegre, Recife, Rio de Janeiro, S\u00e3o Paulo e Salvador. \u00a0E quem n\u00e3o v\u00ea a hora de o evento come\u00e7ar \u00e9 Marta, a maior artilheira do pa\u00eds na hist\u00f3ria dos Mundiais e seis vezes eleita a melhor jogadora do mundo. A atacante, que vestiu a amarelinha em cinco edi\u00e7\u00f5es da Copa (2003, 2007, 2011, 2015 e 2019), n\u00e3o segura a emo\u00e7\u00e3o ao falar da expectativa de poder jogar e acompanhar a competi\u00e7\u00e3o dentro do pa\u00eds.<\/p>\n<blockquote wp_automatic_readability=\"12\">\n<p>\u201cA Copa do Mundo de 2027 da Fifa no Brasil representa um sonho: \u00e9 a primeira Copa feminina da categoria adulta na Am\u00e9rica do Sul. A gente est\u00e1 super orgulhosa de poder sediar um evento t\u00e3o grande como esse\u201d, disse Marta, que saiu de Dois Riachos, no sert\u00e3o alagoano, para ganhar o mundo como atacante. \u00a0<\/p>\n<\/blockquote>\n<p>&gt;&gt; Siga o canal da <strong>Ag\u00eancia Brasil <\/strong>no WhatsApp<\/p>\n<p><strong>J\u00e1 classificado, Flamengo enfrenta Los Angeles no Mundial de Clubes<\/strong><\/p>\n<p><strong>Botafogo perde, mas avan\u00e7a para oitavas da Copa do Mundo de Clubes<\/strong><\/p>\n<div class=\"dnd-widget-wrapper context-cheio_8colunas type-image\" wp_automatic_readability=\"10\">\n<div class=\"dnd-caption-wrapper\" wp_automatic_readability=\"15\">\n<p><!--copyright=323695-->Al\u00e9m da cidade do\u00a0Rio de Janeiro, o Mundial de 2027 ter\u00e1 partidas em outras sete capitais: Belo Horizonte, Bras\u00edlia, Fortaleza, Porto Alegre, Recife,\u00a0S\u00e3o Paulo e Salvador <strong>Thais Magalh\u00e3es\/CBF\/Direitos Reservados<\/strong><!--END copyright=323695--><\/p>\n<\/div>\n<\/div>\n<p>O Mundial feminino no Brasil reunir\u00e1 32 sele\u00e7\u00f5es de 24 de junho a 25 de julho de 2027.\u00a0<strong>Vice-campe\u00e3 ol\u00edmpica nos Jogos de Paris<\/strong><b>\u00a0<\/b>no ano passado, a sele\u00e7\u00e3o comandada pelo t\u00e9cnico Arthur Elias ser\u00e1 o centro das aten\u00e7\u00f5es. E o treinador ressalta a grande responsabilidade de o escrete fazer jus como representante do pa\u00eds.<\/p>\n<blockquote wp_automatic_readability=\"10.865191146881\">\n<p>\u201cEstamos trabalhando muito para fazer uma grande Copa do Mundo em casa com o nosso torcedor. Isso \u00e9 motivo de orgulho e muita responsabilidade. Queremos deixar um marco hist\u00f3rico que impulsione a equidade necess\u00e1ria para desenvolvimento do futebol feminino brasileiro\u201d, afirmou Elias, em depoimento ao site da Confedera\u00e7\u00e3o Brasileira de Futebol (CBF).<\/p>\n<p><strong>Palmeiras arranca empate com Miami e avan\u00e7a em primeiro no Grupo A<\/strong><\/p>\n<p><strong>Jo\u00e3o Fonseca avan\u00e7a em ATP de Eastbourne, \u00faltimo antes de Wimbledon<\/strong><\/p>\n<\/blockquote>\n<p>Marta compartilha da opini\u00e3o do treinador e acredita que o sucesso do evento favore\u00e7a as pr\u00f3ximas gera\u00e7\u00f5es de atletas.<\/p>\n<blockquote wp_automatic_readability=\"14\">\n<p>\u201cO mais importante para a gente \u00e9 que realmente a gente possa deixar um legado muito especial, para que o futebol feminino s\u00f3 venha a crescer mais e mais\u201d, disse a camisa 10, autora de 122 gols com a amarelinha. \u201cVamos trabalhar duro para que tudo seja perfeito, e esse evento seja um marco na hist\u00f3ria do futebol feminino\u201d, projetou Marta, estrela do futebol mundial.<\/p>\n<\/blockquote>\n<\/div>\n","protected":false},"excerpt":{"rendered":"<p>Faltam dois anos para a abertura da Copa do Mundo de futebol feminino no Brasil, com jogos em oito capitais:\u00a0Belo<\/p>\n","protected":false},"author":2,"featured_media":0,"comment_status":"","ping_status":"","sticky":false,"template":"","format":"standard","meta":{"colormag_page_container_layout":"default_layout","colormag_page_sidebar_layout":"default_layout","footnotes":""},"categories":[],"tags":[],"class_list":["post-54099","post","type-post","status-publish","format-standard","hentry"],"_links":{"self":[{"href":"https:\/\/euvivoaselecao.com.br\/index.php\/wp-json\/wp\/v2\/posts\/54099","targetHints":{"allow":["GET"]}}],"collection":[{"href":"https:\/\/euvivoaselecao.com.br\/index.php\/wp-json\/wp\/v2\/posts"}],"about":[{"href":"https:\/\/euvivoaselecao.com.br\/index.php\/wp-json\/wp\/v2\/types\/post"}],"author":[{"embeddable":true,"href":"https:\/\/euvivoaselecao.com.br\/index.php\/wp-json\/wp\/v2\/users\/2"}],"replies":[{"embeddable":true,"href":"https:\/\/euvivoaselecao.com.br\/index.php\/wp-json\/wp\/v2\/comments?post=54099"}],"version-history":[{"count":0,"href":"https:\/\/euvivoaselecao.com.br\/index.php\/wp-json\/wp\/v2\/posts\/54099\/revisions"}],"wp:attachment":[{"href":"https:\/\/euvivoaselecao.com.br\/index.php\/wp-json\/wp\/v2\/media?parent=54099"}],"wp:term":[{"taxonomy":"category","embeddable":true,"href":"https:\/\/euvivoaselecao.com.br\/index.php\/wp-json\/wp\/v2\/categories?post=54099"},{"taxonomy":"post_tag","embeddable":true,"href":"https:\/\/euvivoaselecao.com.br\/index.php\/wp-json\/wp\/v2\/tags?post=54099"}],"curies":[{"name":"wp","href":"https:\/\/api.w.org\/{rel}","templated":true}]}}