{"id":54123,"date":"2025-06-25T00:47:44","date_gmt":"2025-06-25T03:47:44","guid":{"rendered":"https:\/\/euvivoaselecao.com.br\/index.php\/2025\/06\/25\/avenida-niemeyer-tera-uma-faixa-interditada-ao-transito-de-veiculos-para-manutencao-prefeitura-da-cidade-do-rio-de-janeiro\/"},"modified":"2025-06-25T00:47:44","modified_gmt":"2025-06-25T03:47:44","slug":"avenida-niemeyer-tera-uma-faixa-interditada-ao-transito-de-veiculos-para-manutencao-prefeitura-da-cidade-do-rio-de-janeiro","status":"publish","type":"post","link":"https:\/\/euvivoaselecao.com.br\/index.php\/2025\/06\/25\/avenida-niemeyer-tera-uma-faixa-interditada-ao-transito-de-veiculos-para-manutencao-prefeitura-da-cidade-do-rio-de-janeiro\/","title":{"rendered":"Avenida Niemeyer ter\u00e1 uma faixa interditada ao tr\u00e2nsito de ve\u00edculos para manuten\u00e7\u00e3o &#8211; Prefeitura da Cidade do Rio de Janeiro"},"content":{"rendered":"<p><\/p>\n<div id=\"main\">\n<div class=\"wrapper-breadcrumbs\" wp_automatic_readability=\"33.747630331754\">\n<div class=\"image-post\" wp_automatic_readability=\"35\">\n                     A Niemeyer ser\u00e1 fechada em alguns trechos, do sentido Leblon, para manuten\u00e7\u00e3o. Arquivo\/Prefeitura do Rio                  <\/div>\n<p>A CET-Rio informa que na ter\u00e7a-feira (24\/06), das 23h \u00e0s 4h do dia seguinte (25\/06) , a Avenida Niemeyer ser\u00e1 interditada parcialmente em alguns trechos, do sentido Leblon, para manuten\u00e7\u00e3o da ilumina\u00e7\u00e3o p\u00fablica.<\/p>\n<p>Para a realiza\u00e7\u00e3o dos trabalhos, uma faixa da Avenida Niemeyer ser\u00e1 interditada ao tr\u00e2nsito de ve\u00edculos. O desvio do tr\u00e2nsito ser\u00e1 feito na mesma pista, atrav\u00e9s da implanta\u00e7\u00e3o de uma opera\u00e7\u00e3o PARE E SIGA, mantendo a circula\u00e7\u00e3o em ambos os sentidos.<\/p>\n<p>A mesma opera\u00e7\u00e3o de tr\u00e2nsito est\u00e1 prevista nos dias 26\/06, 1, 3, 8 e 10 de julho deste ano, entre 23h e 4h dos dias seguintes.<\/p>\n<p>\u00c9 recomendada aos motoristas que, durante a interdi\u00e7\u00e3o parcial, seja priorizada a utiliza\u00e7\u00e3o de rotas alternativas como, por exemplo, os t\u00faneis Zuzu Angel e Ac\u00fastico Rafael Mascarenhas.<\/p>\n<p>A opera\u00e7\u00e3o de tr\u00e2nsito contar\u00e1 com a participa\u00e7\u00e3o de agentes da CET-Rio, Guarda Municipal e apoiadores de tr\u00e1fego que trabalhar\u00e3o para manter a fluidez e orientar os motoristas.<\/p>\n<p>Os tempos semaf\u00f3ricos ser\u00e3o ajustados para melhorar a fluidez nas rotas alternativas e nos principais corredores de tr\u00e1fego da regi\u00e3o. Al\u00e9m disso, ser\u00e3o utilizados pain\u00e9is de mensagens vari\u00e1veis para orientar e alertar os motoristas sobre as interdi\u00e7\u00f5es e rotas alternativas.<\/p>\n<p>             <!-- Compartilhe ---><\/p>\n<p>\t\t\t <!-- TAGS --><\/p>\n<section class=\"category-tags\">\n<div class=\"marcacao-category\">\n<article class=\"category-post\">\n<p>Categoria: <\/p>\n<\/article>\n<li>24 de junho de 2025<\/li><\/div>\n<article class=\"tags\">\n\t\t\t\t\tMarca\u00e7\u00f5es: Avenida Niemeyer Interdi\u00e7\u00e3o S\u00e3o Conrado<br \/><\/article>\n<\/section>\n<p>            <!-- Mais Not&iacute;cias --><\/p>\n<p>\t\t<!-- Conte&uacute;do SIDEBAR --><\/p><\/div>\n<\/p><\/div>\n","protected":false},"excerpt":{"rendered":"<p>A Niemeyer ser\u00e1 fechada em alguns trechos, do sentido Leblon, para manuten\u00e7\u00e3o. Arquivo\/Prefeitura do Rio A CET-Rio informa que na<\/p>\n","protected":false},"author":1,"featured_media":0,"comment_status":"","ping_status":"","sticky":false,"template":"","format":"standard","meta":{"colormag_page_container_layout":"default_layout","colormag_page_sidebar_layout":"default_layout","footnotes":""},"categories":[1],"tags":[],"class_list":["post-54123","post","type-post","status-publish","format-standard","hentry","category-sem-categoria"],"_links":{"self":[{"href":"https:\/\/euvivoaselecao.com.br\/index.php\/wp-json\/wp\/v2\/posts\/54123","targetHints":{"allow":["GET"]}}],"collection":[{"href":"https:\/\/euvivoaselecao.com.br\/index.php\/wp-json\/wp\/v2\/posts"}],"about":[{"href":"https:\/\/euvivoaselecao.com.br\/index.php\/wp-json\/wp\/v2\/types\/post"}],"author":[{"embeddable":true,"href":"https:\/\/euvivoaselecao.com.br\/index.php\/wp-json\/wp\/v2\/users\/1"}],"replies":[{"embeddable":true,"href":"https:\/\/euvivoaselecao.com.br\/index.php\/wp-json\/wp\/v2\/comments?post=54123"}],"version-history":[{"count":0,"href":"https:\/\/euvivoaselecao.com.br\/index.php\/wp-json\/wp\/v2\/posts\/54123\/revisions"}],"wp:attachment":[{"href":"https:\/\/euvivoaselecao.com.br\/index.php\/wp-json\/wp\/v2\/media?parent=54123"}],"wp:term":[{"taxonomy":"category","embeddable":true,"href":"https:\/\/euvivoaselecao.com.br\/index.php\/wp-json\/wp\/v2\/categories?post=54123"},{"taxonomy":"post_tag","embeddable":true,"href":"https:\/\/euvivoaselecao.com.br\/index.php\/wp-json\/wp\/v2\/tags?post=54123"}],"curies":[{"name":"wp","href":"https:\/\/api.w.org\/{rel}","templated":true}]}}