{"id":54124,"date":"2025-06-25T01:26:05","date_gmt":"2025-06-25T04:26:05","guid":{"rendered":"https:\/\/euvivoaselecao.com.br\/index.php\/2025\/06\/25\/em-encontro-entre-prefeito-paes-e-principe-william-premio-earthshot-e-confirmado-no-museu-do-amanha-no-dia-5-de-novembro-prefeitura-da-cidade-do-rio-de-janeiro\/"},"modified":"2025-06-25T01:26:05","modified_gmt":"2025-06-25T04:26:05","slug":"em-encontro-entre-prefeito-paes-e-principe-william-premio-earthshot-e-confirmado-no-museu-do-amanha-no-dia-5-de-novembro-prefeitura-da-cidade-do-rio-de-janeiro","status":"publish","type":"post","link":"https:\/\/euvivoaselecao.com.br\/index.php\/2025\/06\/25\/em-encontro-entre-prefeito-paes-e-principe-william-premio-earthshot-e-confirmado-no-museu-do-amanha-no-dia-5-de-novembro-prefeitura-da-cidade-do-rio-de-janeiro\/","title":{"rendered":"Em encontro entre prefeito Paes e pr\u00edncipe William, Pr\u00eamio Earthshot \u00e9 confirmado no Museu do Amanh\u00e3, no dia 5 de novembro &#8211; Prefeitura da Cidade do Rio de Janeiro"},"content":{"rendered":"<p><\/p>\n<div id=\"main\">\n<div class=\"wrapper-breadcrumbs\" wp_automatic_readability=\"68.730230456394\">\n<div class=\"image-post\" wp_automatic_readability=\"32\">\n                     Museu do Amanh\u00e3 &#8211; Marcelo Piu\/Prefeitura do Rio                  <\/div>\n<p>O Pr\u00eamio Earthshot \u2013 uma das principais premia\u00e7\u00f5es ambientais do mundo \u2013 confirmou que a cerim\u00f4nia de 2025 ser\u00e1 realizada em 5 de novembro, no Museu do Amanh\u00e3, no Rio de Janeiro. O an\u00fancio foi feito nesta ter\u00e7a-feira (24\/6), no evento \u201cPr\u00eamio Earthshot: Liderando com Impacto\u201d, durante a London Climate Action Week, onde o prefeito Eduardo Paes encontrou o Pr\u00edncipe William, fundador da iniciativa.<\/p>\n<blockquote wp_automatic_readability=\"15\">\n<p>\u2014 \u00c9 uma honra participar deste evento ao lado de Sua Alteza Real, o Pr\u00edncipe William, e um privil\u00e9gio ainda maior para o Rio sediar o Pr\u00eamio Earthshot, que acontece pela primeira vez na Am\u00e9rica Latina. Esta iniciativa desempenha um papel crucial na transforma\u00e7\u00e3o de solu\u00e7\u00f5es clim\u00e1ticas em realidade, oferecendo n\u00e3o apenas financiamento, mas tamb\u00e9m visibilidade global e apoio estrat\u00e9gico a projetos locais, que podem beneficiar n\u00e3o apenas o Rio, mas cidades do mundo todo \u2014 disse Eduardo Paes.<\/p>\n<\/blockquote>\n<p>Com o an\u00fancio da data e do local, e o fortalecimento de parcerias locais, o Pr\u00eamio Earthshot inicia oficialmente sua contagem regressiva at\u00e9 o Rio de Janeiro, com o objetivo de mobilizar investimentos, a\u00e7\u00f5es concretas e dar visibilidade para solu\u00e7\u00f5es ambientais transformadoras \u2013 agora com o Brasil, que vai sediar a COP30, no centro dessa jornada.<\/p>\n<blockquote wp_automatic_readability=\"10\">\n<p>\u2014 O Museu do Amanh\u00e3 \u00e9 o lugar perfeito para o Earthshot Prize e nossa miss\u00e3o de urg\u00eancia e otimismo para o planeta \u2014\u00a0 disse Jason Knauf LVO, CEO do Earthshot Prize. \u2014 Este ano, realizaremos uma cerim\u00f4nia de premia\u00e7\u00e3o que valorizar\u00e1 os esfor\u00e7os dos nossos quinze finalistas de 2025 e celebrar\u00e1 a lideran\u00e7a global do Brasil em clima e natureza. Ser\u00e1 a melhor edi\u00e7\u00e3o at\u00e9 agora do pr\u00eamio ambiental mais prestigiado e impactante do mundo.<\/p>\n<\/blockquote>\n<p>Em prepara\u00e7\u00e3o para a premia\u00e7\u00e3o em novembro, o prefeito participou, nesta ter\u00e7a (24\/06), de eventos organizados pelo Pr\u00eamio, incluindo uma conversa com o prefeito de Londres, Sadiq Khan, que explicou o impacto positivo e duradouro que o Earthshot Prize causou em Londres, anfitri\u00e3o do pr\u00eamio inaugural, em 2021.<\/p>\n<blockquote wp_automatic_readability=\"16\">\n<p>\u2014 Ser escolhido como sede refor\u00e7a o papel do Rio na inova\u00e7\u00e3o clim\u00e1tica global, valoriza as solu\u00e7\u00f5es latino-americanas e se alinha com a diplomacia clim\u00e1tica do Brasil rumo \u00e0 COP30, em Bel\u00e9m. \u2014 afirmou o prefeito do Rio, Eduardo Paes. \u2013 Os eventos de novembro no Rio, al\u00e9m do Pr\u00eamio Earthshot, a C\u00fapula Mundial de Prefeitos da C40, com o F\u00f3rum de L\u00edderes Locais da COP30, v\u00e3o ser muito importantes para dar protagonismo a esse debate sobre clima no Rio, amplificar as vozes das comunidades e conectar nossos inovadores e jovens l\u00edderes a redes globais.<\/p>\n<\/blockquote>\n<p><strong>Sobre o Pr\u00eamio Earthshot<\/strong><\/p>\n<p>A cerim\u00f4nia do Pr\u00eamio Earthshot no Rio vai reunir l\u00edderes internacionais, inovadores, cientistas, filantropos e representantes da sociedade civil para reconhecer solu\u00e7\u00f5es ambientais transformadoras e escal\u00e1veis. Cada um dos cinco vencedores ser\u00e1 contemplado com um pr\u00eamio de \u00a31 milh\u00e3o, em uma das cinco categorias: Proteger e Restaurar a Natureza, Limpar o Ar, Reviver os Oceanos, Construir um Mundo Livre de Res\u00edduos e Combater a Crise Clim\u00e1tica.<\/p>\n<p>O Earthshot Prize foi criado com uma miss\u00e3o clara: identificar e acelerar solu\u00e7\u00f5es com potencial para restaurar o planeta at\u00e9 2030. Sua atua\u00e7\u00e3o \u00e9 guiada pela cren\u00e7a de que urg\u00eancia + otimismo = a\u00e7\u00e3o, e \u00e9 exatamente essa mensagem que o Pr\u00eamio ir\u00e1 levar \u00e0 London Climate Action Week este ano. Os eventos se dedicar\u00e3o a inspirar a lideran\u00e7a clim\u00e1tica, conectar os indiv\u00edduos que est\u00e3o abrindo caminho com o financiamento para ampliar suas solu\u00e7\u00f5es e reunir membros da comunidade brasileira e global na jornada para o Rio e Bel\u00e9m.<\/p>\n<p>             <!-- Compartilhe ---><\/p>\n<p>\t\t\t <!-- TAGS --><\/p>\n<section class=\"category-tags\">\n<div class=\"marcacao-category\">\n<article class=\"category-post\">\n<p>Categoria: <\/p>\n<\/article>\n<li>24 de junho de 2025<\/li><\/div>\n<article class=\"tags\">\n\t\t\t\t\tMarca\u00e7\u00f5es: eduardo paes London Climate Action Week Museu do Amanh\u00e3 premia\u00e7\u00e3o Pr\u00eamio Earthshot<br \/><\/article>\n<\/section>\n<p>            <!-- Mais Not&iacute;cias --><\/p>\n<p>\t\t<!-- Conte&uacute;do SIDEBAR --><\/p><\/div>\n<\/p><\/div>\n","protected":false},"excerpt":{"rendered":"<p>Museu do Amanh\u00e3 &#8211; Marcelo Piu\/Prefeitura do Rio O Pr\u00eamio Earthshot \u2013 uma das principais premia\u00e7\u00f5es ambientais do mundo \u2013<\/p>\n","protected":false},"author":1,"featured_media":0,"comment_status":"","ping_status":"","sticky":false,"template":"","format":"standard","meta":{"colormag_page_container_layout":"default_layout","colormag_page_sidebar_layout":"default_layout","footnotes":""},"categories":[1],"tags":[],"class_list":["post-54124","post","type-post","status-publish","format-standard","hentry","category-sem-categoria"],"_links":{"self":[{"href":"https:\/\/euvivoaselecao.com.br\/index.php\/wp-json\/wp\/v2\/posts\/54124","targetHints":{"allow":["GET"]}}],"collection":[{"href":"https:\/\/euvivoaselecao.com.br\/index.php\/wp-json\/wp\/v2\/posts"}],"about":[{"href":"https:\/\/euvivoaselecao.com.br\/index.php\/wp-json\/wp\/v2\/types\/post"}],"author":[{"embeddable":true,"href":"https:\/\/euvivoaselecao.com.br\/index.php\/wp-json\/wp\/v2\/users\/1"}],"replies":[{"embeddable":true,"href":"https:\/\/euvivoaselecao.com.br\/index.php\/wp-json\/wp\/v2\/comments?post=54124"}],"version-history":[{"count":0,"href":"https:\/\/euvivoaselecao.com.br\/index.php\/wp-json\/wp\/v2\/posts\/54124\/revisions"}],"wp:attachment":[{"href":"https:\/\/euvivoaselecao.com.br\/index.php\/wp-json\/wp\/v2\/media?parent=54124"}],"wp:term":[{"taxonomy":"category","embeddable":true,"href":"https:\/\/euvivoaselecao.com.br\/index.php\/wp-json\/wp\/v2\/categories?post=54124"},{"taxonomy":"post_tag","embeddable":true,"href":"https:\/\/euvivoaselecao.com.br\/index.php\/wp-json\/wp\/v2\/tags?post=54124"}],"curies":[{"name":"wp","href":"https:\/\/api.w.org\/{rel}","templated":true}]}}