{"id":54125,"date":"2025-06-25T01:27:12","date_gmt":"2025-06-25T04:27:12","guid":{"rendered":"https:\/\/euvivoaselecao.com.br\/index.php\/2025\/06\/25\/vasco-nao-se-interessou-por-sergio-pena-afirma-jornalista\/"},"modified":"2025-06-25T01:27:12","modified_gmt":"2025-06-25T04:27:12","slug":"vasco-nao-se-interessou-por-sergio-pena-afirma-jornalista","status":"publish","type":"post","link":"https:\/\/euvivoaselecao.com.br\/index.php\/2025\/06\/25\/vasco-nao-se-interessou-por-sergio-pena-afirma-jornalista\/","title":{"rendered":"Vasco n\u00e3o se interessou por Sergio Pe\u00f1a, afirma jornalista"},"content":{"rendered":"<p><\/p>\n<div>\n<div>\n<p>Vasco n\u00e3o se interessou por Sergio Pe\u00f1a, afirma jornalista<\/p>\n<p>Ter\u00e7a-feira, 24\/06\/2025  \u2013 21:05<\/p>\n<div class=\"corpo\">Franz Tamayo @franztamayo29<\/p>\n<p>\ud83d\udcdd Sergio Pe\u00f1a fue ofrecido a Vasco da Gama, pero desde el club brasile\u00f1o se\u00f1alaron que no \u201cmarcar\u00eda la diferencia\u201dcomo para ficharlo. Por ahora, seguir\u00eda en PAOK , aunque ya le buscan nuevo destino.<\/p>\n<p>Fonte: X do jornalista Franz Tamayo<\/p>\n<\/div>\n<\/div>\n<p><!-- CONTENT END 2 -->\n<\/div>\n<p><script async defer crossorigin=\"anonymous\" src=\"https:\/\/connect.facebook.net\/pt_BR\/sdk.js#xfbml=1&amp;version=v12.0&amp;appId=114327694422&amp;autoLogAppEvents=1\" nonce=\"4kp7RAsD\"><\/script><\/p>\n","protected":false},"excerpt":{"rendered":"<p>Vasco n\u00e3o se interessou por Sergio Pe\u00f1a, afirma jornalista Ter\u00e7a-feira, 24\/06\/2025 \u2013 21:05 Franz Tamayo @franztamayo29 \ud83d\udcdd Sergio Pe\u00f1a fue<\/p>\n","protected":false},"author":1,"featured_media":0,"comment_status":"","ping_status":"","sticky":false,"template":"","format":"standard","meta":{"colormag_page_container_layout":"default_layout","colormag_page_sidebar_layout":"default_layout","footnotes":""},"categories":[1],"tags":[],"class_list":["post-54125","post","type-post","status-publish","format-standard","hentry","category-sem-categoria"],"_links":{"self":[{"href":"https:\/\/euvivoaselecao.com.br\/index.php\/wp-json\/wp\/v2\/posts\/54125","targetHints":{"allow":["GET"]}}],"collection":[{"href":"https:\/\/euvivoaselecao.com.br\/index.php\/wp-json\/wp\/v2\/posts"}],"about":[{"href":"https:\/\/euvivoaselecao.com.br\/index.php\/wp-json\/wp\/v2\/types\/post"}],"author":[{"embeddable":true,"href":"https:\/\/euvivoaselecao.com.br\/index.php\/wp-json\/wp\/v2\/users\/1"}],"replies":[{"embeddable":true,"href":"https:\/\/euvivoaselecao.com.br\/index.php\/wp-json\/wp\/v2\/comments?post=54125"}],"version-history":[{"count":0,"href":"https:\/\/euvivoaselecao.com.br\/index.php\/wp-json\/wp\/v2\/posts\/54125\/revisions"}],"wp:attachment":[{"href":"https:\/\/euvivoaselecao.com.br\/index.php\/wp-json\/wp\/v2\/media?parent=54125"}],"wp:term":[{"taxonomy":"category","embeddable":true,"href":"https:\/\/euvivoaselecao.com.br\/index.php\/wp-json\/wp\/v2\/categories?post=54125"},{"taxonomy":"post_tag","embeddable":true,"href":"https:\/\/euvivoaselecao.com.br\/index.php\/wp-json\/wp\/v2\/tags?post=54125"}],"curies":[{"name":"wp","href":"https:\/\/api.w.org\/{rel}","templated":true}]}}