{"id":54196,"date":"2025-06-25T15:40:48","date_gmt":"2025-06-25T18:40:48","guid":{"rendered":"https:\/\/euvivoaselecao.com.br\/index.php\/2025\/06\/25\/fachin-inicia-voto-sobre-responsabilizacao-de-redes-placar-esta-7-a-1\/"},"modified":"2025-06-25T15:40:48","modified_gmt":"2025-06-25T18:40:48","slug":"fachin-inicia-voto-sobre-responsabilizacao-de-redes-placar-esta-7-a-1","status":"publish","type":"post","link":"https:\/\/euvivoaselecao.com.br\/index.php\/2025\/06\/25\/fachin-inicia-voto-sobre-responsabilizacao-de-redes-placar-esta-7-a-1\/","title":{"rendered":"Fachin inicia voto sobre responsabiliza\u00e7\u00e3o de redes; placar est\u00e1 7 a 1"},"content":{"rendered":"<p><\/p>\n<div wp_automatic_readability=\"51.474597273854\">\n<p>O Supremo Tribunal Federal (STF) retomou h\u00e1 pouco o julgamento sobre a responsabiliza\u00e7\u00e3o das plataformas que operam as redes sociais pelas postagens ilegais feitas por seus usu\u00e1rios.<\/p>\n<p>Neste momento, o ministro Edson Fachin profere seu voto sobre a quest\u00e3o. Os pr\u00f3ximos votos ser\u00e3o os dos ministros Nunes Marques e C\u00e1rmen L\u00facia.<\/p>\n<p><strong>Apesar da maioria formada, ainda n\u00e3o foi aprovada a tese jur\u00eddica com os detalhes da decis\u00e3o. A tese \u00e9 necess\u00e1ria para estabelecer as regras que as plataformas dever\u00e3o seguir para a retirada dos conte\u00fados ilegais e cumprir a decis\u00e3o da Corte.<\/strong><\/p>\n<p><strong>Inmet alerta para onda de frio no Sul e excesso de chuva em 3 regi\u00f5es<\/strong><\/p>\n<p><strong>Murilo Huff entra na Justi\u00e7a para ter guarda total do filho com Mar\u00edlia Mendon\u00e7a: entenda o motivo<\/strong><\/p>\n<p>Dessa forma, ainda n\u00e3o h\u00e1 consenso sobre como as plataformas dever\u00e3o retirar postagens com conte\u00fado antidemocr\u00e1tico, mensagens com discurso de \u00f3dio e ofensas pessoais, entre outras.<\/p>\n<p>Somando as manifesta\u00e7\u00f5es realizadas nas sess\u00f5es anteriores,<strong> o placar do julgamento est\u00e1 7 votos a 1 a favor da inconstitucionalidade do Artigo 19 do Marco Civil da Internet (Lei 12.965\/2014)<\/strong>, norma que estabeleceu os direitos e deveres para o uso da internet no Brasil.<\/p>\n<p>Pelo dispositivo, \u201ccom o intuito de assegurar a liberdade de express\u00e3o e impedir a censura\u201d, as plataformas s\u00f3 podem ser responsabilizadas pelas postagens de seus usu\u00e1rios se, ap\u00f3s ordem judicial, n\u00e3o tomarem provid\u00eancias para retirar o conte\u00fado.<\/p>\n<p>A discuss\u00e3o sobre a responsabiliza\u00e7\u00e3o das redes sociais \u00e9 motivada pelo julgamento de dois casos concretos que envolvem o Marco Civil da Internet e que chegaram \u00e0 Corte por meio de recursos.<\/p>\n<p><strong>Caixa d\u00e1 at\u00e9 90% de desconto em d\u00edvidas renegociadas por clientes<\/strong><\/p>\n<p><strong>N\u00edvel do Rio Gua\u00edba extrapola cota de inunda\u00e7\u00e3o em Porto Alegre<\/strong><\/p>\n<p>Na a\u00e7\u00e3o relatada pelo ministro Dias Toffoli, o tribunal julga a validade da regra que exige ordem judicial pr\u00e9via para responsabiliza\u00e7\u00e3o dos provedores por atos il\u00edcitos. O caso trata de um recurso do Facebook para derrubar decis\u00e3o judicial que condenou a plataforma por danos morais pela cria\u00e7\u00e3o de perfil falso de um usu\u00e1rio.<\/p>\n<p>No processo relatado pelo ministro Luiz Fux, o STF discute se uma empresa que hospeda um <em>site<\/em> na internet deve fiscalizar conte\u00fados ofensivos e retir\u00e1-los do ar sem interven\u00e7\u00e3o judicial. O recurso foi protocolado pelo Google.<\/p>\n<\/div>\n","protected":false},"excerpt":{"rendered":"<p>O Supremo Tribunal Federal (STF) retomou h\u00e1 pouco o julgamento sobre a responsabiliza\u00e7\u00e3o das plataformas que operam as redes sociais<\/p>\n","protected":false},"author":2,"featured_media":0,"comment_status":"","ping_status":"","sticky":false,"template":"","format":"standard","meta":{"colormag_page_container_layout":"default_layout","colormag_page_sidebar_layout":"default_layout","footnotes":""},"categories":[],"tags":[],"class_list":["post-54196","post","type-post","status-publish","format-standard","hentry"],"_links":{"self":[{"href":"https:\/\/euvivoaselecao.com.br\/index.php\/wp-json\/wp\/v2\/posts\/54196","targetHints":{"allow":["GET"]}}],"collection":[{"href":"https:\/\/euvivoaselecao.com.br\/index.php\/wp-json\/wp\/v2\/posts"}],"about":[{"href":"https:\/\/euvivoaselecao.com.br\/index.php\/wp-json\/wp\/v2\/types\/post"}],"author":[{"embeddable":true,"href":"https:\/\/euvivoaselecao.com.br\/index.php\/wp-json\/wp\/v2\/users\/2"}],"replies":[{"embeddable":true,"href":"https:\/\/euvivoaselecao.com.br\/index.php\/wp-json\/wp\/v2\/comments?post=54196"}],"version-history":[{"count":0,"href":"https:\/\/euvivoaselecao.com.br\/index.php\/wp-json\/wp\/v2\/posts\/54196\/revisions"}],"wp:attachment":[{"href":"https:\/\/euvivoaselecao.com.br\/index.php\/wp-json\/wp\/v2\/media?parent=54196"}],"wp:term":[{"taxonomy":"category","embeddable":true,"href":"https:\/\/euvivoaselecao.com.br\/index.php\/wp-json\/wp\/v2\/categories?post=54196"},{"taxonomy":"post_tag","embeddable":true,"href":"https:\/\/euvivoaselecao.com.br\/index.php\/wp-json\/wp\/v2\/tags?post=54196"}],"curies":[{"name":"wp","href":"https:\/\/api.w.org\/{rel}","templated":true}]}}