{"id":54204,"date":"2025-06-25T17:02:52","date_gmt":"2025-06-25T20:02:52","guid":{"rendered":"https:\/\/euvivoaselecao.com.br\/index.php\/2025\/06\/25\/fachin-vota-contra-responsabilizacao-das-redes-por-postagens-ilegais\/"},"modified":"2025-06-25T17:02:52","modified_gmt":"2025-06-25T20:02:52","slug":"fachin-vota-contra-responsabilizacao-das-redes-por-postagens-ilegais","status":"publish","type":"post","link":"https:\/\/euvivoaselecao.com.br\/index.php\/2025\/06\/25\/fachin-vota-contra-responsabilizacao-das-redes-por-postagens-ilegais\/","title":{"rendered":"Fachin vota contra responsabiliza\u00e7\u00e3o das redes por postagens ilegais"},"content":{"rendered":"<p><\/p>\n<div wp_automatic_readability=\"55.764987510408\">\n<p>O ministro Edson Fachin, do Supremo Tribunal Federal (STF), votou nesta quarta-feira (25) contra a responsabiliza\u00e7\u00e3o direta das plataformas que operam as redes sociais pelas postagens ilegais feitas por seus usu\u00e1rios.<\/p>\n<p>Apesar do voto do ministro, a Corte tem placar de 7 votos a 2 pela responsabiliza\u00e7\u00e3o das plataformas. A maioria dos ministros j\u00e1 votou pela inconstitucionalidade do Artigo 19 do Marco Civil da Internet (Lei 12.965\/2014), norma que estabeleceu os direitos e deveres para o uso da internet no Brasil.<\/p>\n<p>Pelo dispositivo, \u201ccom o intuito de assegurar a liberdade de express\u00e3o e impedir a censura\u201d, as plataformas s\u00f3 podem ser responsabilizadas pelas postagens de seus usu\u00e1rios se, ap\u00f3s ordem judicial, n\u00e3o tomarem provid\u00eancias para retirar o conte\u00fado.\u00a0<\/p>\n<p><strong>Dino oficia CNJ para que apure supostos \u201cpenduricalhos\u201d a ju\u00edzes de RO<\/strong><\/p>\n<p><strong>Fachin inicia voto sobre responsabiliza\u00e7\u00e3o de redes; placar est\u00e1 7 a 1<\/strong><\/p>\n<p>Para Fachin, a necessidade de decis\u00e3o judicial para retirada de postagens ilegais reafirma a constitucionalidade da liberdade de express\u00e3o.\u00a0<\/p>\n<blockquote wp_automatic_readability=\"10\">\n<p>\u201c\u00c9 p\u00e9ssima a experi\u00eancia que esse pa\u00eds teve com a modera\u00e7\u00e3o de conte\u00fados nos meios de comunica\u00e7\u00e3o. O que hoje parece insuficiente e a merecer regula\u00e7\u00e3o espec\u00edfica, pode ser regulado amanh\u00e3 por outros atores institucionais. H\u00e1 obriga\u00e7\u00e3o de todos para combater o conte\u00fado il\u00edcito\u201d, afirmou.\u00a0<\/p>\n<\/blockquote>\n<p>A sess\u00e3o continua para tomada dos votos dos ministros Nunes Marques e C\u00e1rmen L\u00facia.<\/p>\n<p>Apesar da maioria formada, ainda n\u00e3o h\u00e1 n\u00e3o foi aprovada a tese jur\u00eddica com os detalhes da decis\u00e3o. A tese \u00e9 necess\u00e1ria para estabelecer o consenso sobre como as plataformas dever\u00e3o retirar postagens com conte\u00fado antidemocr\u00e1tico, mensagens com discurso de \u00f3dio e ofensas pessoais, entre outras.\u00a0<\/p>\n<p><strong>Inmet alerta para onda de frio no Sul e excesso de chuva em 3 regi\u00f5es<\/strong><\/p>\n<p><strong>Murilo Huff entra na Justi\u00e7a para ter guarda total do filho com Mar\u00edlia Mendon\u00e7a: entenda o motivo<\/strong><\/p>\n<h2>Votos\u00a0<\/h2>\n<p>O julgamento come\u00e7ou no dia 4 de junho e j\u00e1 tomou cinco sess\u00f5es seguidas. Al\u00e9m da Fachin, o ministro Andr\u00e9 Mendon\u00e7a votou a favor pela manuten\u00e7\u00e3o das atuais regras que impedem a responsabiliza\u00e7\u00e3o direta das redes.<\/p>\n<p>Os ministros Fl\u00e1vio Dino,\u00a0 Alexandre de Moraes, Gilmar Mendes, Cristiano Zanin, Luiz Fux, Dias Toffoli e Lu\u00eds Roberto Barroso se manifestaram pela responsabiliza\u00e7\u00e3o.<\/p>\n<\/div>\n","protected":false},"excerpt":{"rendered":"<p>O ministro Edson Fachin, do Supremo Tribunal Federal (STF), votou nesta quarta-feira (25) contra a responsabiliza\u00e7\u00e3o direta das plataformas que<\/p>\n","protected":false},"author":2,"featured_media":0,"comment_status":"","ping_status":"","sticky":false,"template":"","format":"standard","meta":{"colormag_page_container_layout":"default_layout","colormag_page_sidebar_layout":"default_layout","footnotes":""},"categories":[],"tags":[],"class_list":["post-54204","post","type-post","status-publish","format-standard","hentry"],"_links":{"self":[{"href":"https:\/\/euvivoaselecao.com.br\/index.php\/wp-json\/wp\/v2\/posts\/54204","targetHints":{"allow":["GET"]}}],"collection":[{"href":"https:\/\/euvivoaselecao.com.br\/index.php\/wp-json\/wp\/v2\/posts"}],"about":[{"href":"https:\/\/euvivoaselecao.com.br\/index.php\/wp-json\/wp\/v2\/types\/post"}],"author":[{"embeddable":true,"href":"https:\/\/euvivoaselecao.com.br\/index.php\/wp-json\/wp\/v2\/users\/2"}],"replies":[{"embeddable":true,"href":"https:\/\/euvivoaselecao.com.br\/index.php\/wp-json\/wp\/v2\/comments?post=54204"}],"version-history":[{"count":0,"href":"https:\/\/euvivoaselecao.com.br\/index.php\/wp-json\/wp\/v2\/posts\/54204\/revisions"}],"wp:attachment":[{"href":"https:\/\/euvivoaselecao.com.br\/index.php\/wp-json\/wp\/v2\/media?parent=54204"}],"wp:term":[{"taxonomy":"category","embeddable":true,"href":"https:\/\/euvivoaselecao.com.br\/index.php\/wp-json\/wp\/v2\/categories?post=54204"},{"taxonomy":"post_tag","embeddable":true,"href":"https:\/\/euvivoaselecao.com.br\/index.php\/wp-json\/wp\/v2\/tags?post=54204"}],"curies":[{"name":"wp","href":"https:\/\/api.w.org\/{rel}","templated":true}]}}