{"id":54393,"date":"2025-06-27T07:35:04","date_gmt":"2025-06-27T10:35:04","guid":{"rendered":"https:\/\/euvivoaselecao.com.br\/index.php\/2025\/06\/27\/confira-atualizacoes-sobre-as-negociacoes-por-brian-rodriguez-brenner-e-gabriel-pirani\/"},"modified":"2025-06-27T07:35:04","modified_gmt":"2025-06-27T10:35:04","slug":"confira-atualizacoes-sobre-as-negociacoes-por-brian-rodriguez-brenner-e-gabriel-pirani","status":"publish","type":"post","link":"https:\/\/euvivoaselecao.com.br\/index.php\/2025\/06\/27\/confira-atualizacoes-sobre-as-negociacoes-por-brian-rodriguez-brenner-e-gabriel-pirani\/","title":{"rendered":"Confira atualiza\u00e7\u00f5es sobre as negocia\u00e7\u00f5es por Brian Rodr\u00edguez, Brenner e Gabriel Pirani"},"content":{"rendered":"<p><\/p>\n<div>\n<p>Confira atualiza\u00e7\u00f5es sobre as negocia\u00e7\u00f5es por Brian Rodr\u00edguez, Brenner e Gabriel Pirani<\/p>\n<div>NTVASCA\u00cdNOS @ntvascainos<br \/>\nATUALIZA\u00c7\u00d5ES SOBRE BRIAN RODR\u00cdGUEZ \u2013 BRENNER E PIRANI!<\/p>\n<p>1- BRIAN RODRIGU\u00c9Z<\/p>\n<p>Um intermedi\u00e1rio que vem cuidando do interesse do Vasco na contrata\u00e7\u00e3o de Brain Rodr\u00edguez esteve conversando com o Am\u00e9rica do M\u00e9xico, que sinalizou a possibilidade de negociar o atacante por 8 milh\u00f5es de d\u00f3lares, parcelados em 4 vezes (parcelas de seis em seis meses), por 80% do passe do atleta. A situa\u00e7\u00e3o agora est\u00e1 nas m\u00e3os do Vasco, que precisar\u00e1 entrar em contato com o clube mexicano para viabilizar o neg\u00f3cio.\n<\/p>\n<p>2 \u2013 GABRIEL PIRANI\n<\/p>\n<p>O jogador tem interesse em jogar no Vasco, mas seu atual clube, D.C. United, ainda n\u00e3o est\u00e1 convencido de que deve liberar o atleta no meio do ano. Por outro lado, pessoas ligadas aos representantes do atleta esperam uma movimenta\u00e7\u00e3o do Vasco, que ainda n\u00e3o sinalizou ao clube da MLS o desejo de contar com o jogador.\n<\/p>\n<p>3 \u2013 BRENNER\n<\/p>\n<p>O atacante ainda tem moral com a diretoria, que v\u00ea um grande potencial no jogador, Benner sofreu na \u00faltima temporada com algumas les\u00f5es. Os dirigentes do clube italiano veem com bons olhos a perman\u00eancia do jogador para a temporada 25\/26. A n\u00e3o ser que aconte\u00e7a um fator novo, o jogador dificilmente chegar\u00e1 nesta janela ao gigante da colina!\n<\/p>\n<p>Por @Leontvascainos \u2013 @LuizAmadeu4\n<\/p>\n<p>Fonte: X NTVASCA\u00cdNOS<\/p>\n<\/div>\n<p><!-- CONTENT END 2 -->\n<\/div>\n<p><script async defer crossorigin=\"anonymous\" src=\"https:\/\/connect.facebook.net\/pt_BR\/sdk.js#xfbml=1&amp;version=v12.0&amp;appId=114327694422&amp;autoLogAppEvents=1\" nonce=\"4kp7RAsD\"><\/script><\/p>\n","protected":false},"excerpt":{"rendered":"<p>Confira atualiza\u00e7\u00f5es sobre as negocia\u00e7\u00f5es por Brian Rodr\u00edguez, Brenner e Gabriel Pirani NTVASCA\u00cdNOS @ntvascainos ATUALIZA\u00c7\u00d5ES SOBRE BRIAN RODR\u00cdGUEZ \u2013 BRENNER<\/p>\n","protected":false},"author":1,"featured_media":0,"comment_status":"","ping_status":"","sticky":false,"template":"","format":"standard","meta":{"colormag_page_container_layout":"default_layout","colormag_page_sidebar_layout":"default_layout","footnotes":""},"categories":[1],"tags":[],"class_list":["post-54393","post","type-post","status-publish","format-standard","hentry","category-sem-categoria"],"_links":{"self":[{"href":"https:\/\/euvivoaselecao.com.br\/index.php\/wp-json\/wp\/v2\/posts\/54393","targetHints":{"allow":["GET"]}}],"collection":[{"href":"https:\/\/euvivoaselecao.com.br\/index.php\/wp-json\/wp\/v2\/posts"}],"about":[{"href":"https:\/\/euvivoaselecao.com.br\/index.php\/wp-json\/wp\/v2\/types\/post"}],"author":[{"embeddable":true,"href":"https:\/\/euvivoaselecao.com.br\/index.php\/wp-json\/wp\/v2\/users\/1"}],"replies":[{"embeddable":true,"href":"https:\/\/euvivoaselecao.com.br\/index.php\/wp-json\/wp\/v2\/comments?post=54393"}],"version-history":[{"count":0,"href":"https:\/\/euvivoaselecao.com.br\/index.php\/wp-json\/wp\/v2\/posts\/54393\/revisions"}],"wp:attachment":[{"href":"https:\/\/euvivoaselecao.com.br\/index.php\/wp-json\/wp\/v2\/media?parent=54393"}],"wp:term":[{"taxonomy":"category","embeddable":true,"href":"https:\/\/euvivoaselecao.com.br\/index.php\/wp-json\/wp\/v2\/categories?post=54393"},{"taxonomy":"post_tag","embeddable":true,"href":"https:\/\/euvivoaselecao.com.br\/index.php\/wp-json\/wp\/v2\/tags?post=54393"}],"curies":[{"name":"wp","href":"https:\/\/api.w.org\/{rel}","templated":true}]}}