{"id":54395,"date":"2025-06-27T08:15:59","date_gmt":"2025-06-27T11:15:59","guid":{"rendered":"https:\/\/euvivoaselecao.com.br\/index.php\/2025\/06\/27\/agencia-minas-gerais-governo-de-minas-acompanha-chegada-dos-primeiros-insumos-a-cervejaria-heineken-em-passos\/"},"modified":"2025-06-27T08:15:59","modified_gmt":"2025-06-27T11:15:59","slug":"agencia-minas-gerais-governo-de-minas-acompanha-chegada-dos-primeiros-insumos-a-cervejaria-heineken-em-passos","status":"publish","type":"post","link":"https:\/\/euvivoaselecao.com.br\/index.php\/2025\/06\/27\/agencia-minas-gerais-governo-de-minas-acompanha-chegada-dos-primeiros-insumos-a-cervejaria-heineken-em-passos\/","title":{"rendered":"Ag\u00eancia Minas Gerais | Governo de Minas acompanha chegada dos primeiros insumos \u00e0 cervejaria Heineken em Passos"},"content":{"rendered":"<p><\/p>\n<div>\n<section class=\"news-related \/ col-md-4 col-lg-3 \/ margin-md-bottom-2 margin-left-1 \/ pull-right \/ hidden-xs hidden-sm\">\n<header>\n<p class=\"text-title-section \/ margin-bottom-1\">Relacionadas<\/p>\n<\/header>\n<p>\t\t\t\t\t\t\t<main><\/p>\n<hr class=\"row margin-md-bottom-2\"\/>\n<hr class=\"row margin-md-bottom-2\"\/>\n<hr class=\"row margin-md-bottom-2\"\/>\n<hr class=\"row margin-md-bottom-2\"\/>\n<hr class=\"row margin-md-bottom-2\"\/>\n<hr class=\"row margin-md-bottom-2\"\/>\n<hr class=\"row margin-md-bottom-2\"\/>\n\t\t\t\t\t\t\t<\/main><br \/>\n\t\t\t\t\t\t<\/section>\n<p>Minas Gerais deu mais um passo importante na concretiza\u00e7\u00e3o de investimentos de grandes marcas globais para o estado. Ap\u00f3s tr\u00eas anos de tratativas e obras, a cervejaria do Grupo Heineken avan\u00e7ou na industrializa\u00e7\u00e3o de sua unidade no munic\u00edpio de Passos, no Sul de Minas.<\/p>\n<p>O governador em exerc\u00edcio, Mateus Sim\u00f5es, acompanhou o recebimento da primeira carga de malte e o comissionamento da linha de produ\u00e7\u00e3o da cervejaria, nesta quinta-feira (26\/6), cumprindo o prazo previsto no Protocolo de Inten\u00e7\u00f5es assinado com o Governo de Minas, em 2022.<\/p>\n<p>Sim\u00f5es tamb\u00e9m fez uma visita t\u00e9cnica \u00e0s instala\u00e7\u00f5es da primeira planta greenfield \u2013 constru\u00e7\u00e3o do \u201czero\u201d, onde n\u00e3o havia qualquer edifica\u00e7\u00e3o anterior \u2013 da empresa no Brasil. A primeira f\u00e1brica da Heineken em Minas ser\u00e1 100% abastecida por fontes de energia renov\u00e1veis, representando uma cervejaria refer\u00eancia em pr\u00e1ticas socioambientais para a companhia.<\/p>\n<p>A consolida\u00e7\u00e3o dos investimentos anunciados pela companhia chega a R$ 2,5 bilh\u00f5es, com a gera\u00e7\u00e3o de 350 empregos diretos assim que a ind\u00fastria estiver em pleno funcionamento. A previs\u00e3o para isto \u00e9 novembro deste ano, momento em que a produ\u00e7\u00e3o das marcas Heineken e Amstel j\u00e1 estar\u00e1 acontecendo.<br \/>&#13;<br \/>\n\u00a0<\/p>\n<table align=\"center\" border=\"0\" cellpadding=\"1\" cellspacing=\"1\" style=\"width: 70%;\">&#13;<\/p>\n<tbody>&#13;<\/p>\n<tr>&#13;<\/p>\n<td colspan=\"5\" style=\"text-align: center; vertical-align: middle;\">&#13;<\/p>\n<p style=\"text-align:center\">\n<p>&#13;\n\t\t\t<\/td>\n<p>&#13;<br \/>\n\t\t<\/tr>\n<p>&#13;<\/p>\n<tr>&#13;<\/p>\n<td style=\"text-align: center; vertical-align: middle;\">\u00a0<\/td>\n<p>&#13;<\/p>\n<td colspan=\"3\" rowspan=\"3\" style=\"text-align: center; vertical-align: middle;\">&#13;<br \/>\n\t\t\t&#13;\n\t\t\t<\/td>\n<p>&#13;<\/p>\n<td style=\"text-align: center; vertical-align: middle;\">\u00a0<\/td>\n<p>&#13;<br \/>\n\t\t<\/tr>\n<p>&#13;<\/p>\n<tr>&#13;<\/p>\n<td style=\"text-align: center; vertical-align: middle;\">\u00a0<\/td>\n<p>&#13;<\/p>\n<td style=\"text-align: center; vertical-align: middle;\">\u00a0<\/td>\n<p>&#13;<br \/>\n\t\t<\/tr>\n<p>&#13;<\/p>\n<tr>&#13;<\/p>\n<td style=\"text-align: center; vertical-align: middle;\">\u00a0<\/td>\n<p>&#13;<\/p>\n<td style=\"text-align: center; vertical-align: middle;\">\u00a0<\/td>\n<p>&#13;<br \/>\n\t\t<\/tr>\n<p>&#13;<\/p>\n<tr>&#13;<\/p>\n<td colspan=\"5\" style=\"text-align: center; vertical-align: middle;\">&#13;<\/p>\n<p style=\"text-align:center\">\n<p>&#13;\n\t\t\t<\/td>\n<p>&#13;<br \/>\n\t\t<\/tr>\n<p>&#13;<br \/>\n\t<\/tbody>\n<p>&#13;<br \/>\n<\/table>\n<p>&#13;<br \/>\nAinda em Passos, o governador em exerc\u00edcio vistoriou as obras de implanta\u00e7\u00e3o de acesso entre a MG-050 e a nova estrada que vai at\u00e9 o distrito industrial, onde est\u00e1 localizada a f\u00e1brica da Heineken. A previs\u00e3o \u00e9 que o viaduto e toda a estrutura de liga\u00e7\u00e3o entre as vias sejam entregues nas pr\u00f3ximas semanas.<\/p>\n<p>&#8220;Estamos trabalhando para permitir que toda a produ\u00e7\u00e3o feita na f\u00e1brica da Heineken possa chegar aos mercados de Belo Horizonte e de S\u00e3o Paulo por vias mais r\u00e1pidas, garantindo o escoamento do que \u00e9 a maior f\u00e1brica de cerveja do de Minas Gerais&#8221;,\u00a0destacou.<\/p>\n<p><strong>Apoio cont\u00ednuo para concretiza\u00e7\u00e3o do investimento<\/strong><\/p>\n<p>A Invest Minas, ag\u00eancia vinculada \u00e0 Secretaria de Estado de Desenvolvimento Econ\u00f4mico (Sede-MG), esteve ao lado dos executivos do Grupo Heineken e participou ativamente de todas as etapas dos processos relativos \u00e0 instala\u00e7\u00e3o da f\u00e1brica e seu desenvolvimento.<\/p>\n<p>&#8220;Essa \u00e9 mais uma prova de que Minas recebe de bra\u00e7os abertos quem empreende e gera emprego. E n\u00e3o seria diferente com uma marca de peso global que identificou uma oportunidade de crescimento no Sul do nosso estado&#8221;, observou o secret\u00e1rio Executivo de Desenvolvimento Econ\u00f4mico de Minas Gerais, Bruno Ara\u00fajo.<br \/>&#13;<br \/>\n\u00a0<\/p>\n<table align=\"center\" border=\"0\" cellpadding=\"1\" cellspacing=\"1\" style=\"width: 100%;\">&#13;<\/p>\n<tbody>&#13;<\/p>\n<tr>&#13;<\/p>\n<td colspan=\"5\" style=\"text-align: center; vertical-align: middle;\">&#13;<\/p>\n<p style=\"text-align:center\">\n<p>&#13;\n\t\t\t<\/td>\n<p>&#13;<br \/>\n\t\t<\/tr>\n<p>&#13;<\/p>\n<tr>&#13;<\/p>\n<td style=\"text-align: center; vertical-align: middle;\">\u00a0<\/td>\n<p>&#13;<\/p>\n<td colspan=\"3\" rowspan=\"3\" style=\"text-align: center; vertical-align: middle;\">&#13;<br \/>\n\t\t\t&#13;\n\t\t\t<\/td>\n<p>&#13;<\/p>\n<td style=\"text-align: center; vertical-align: middle;\">\u00a0<\/td>\n<p>&#13;<br \/>\n\t\t<\/tr>\n<p>&#13;<\/p>\n<tr>&#13;<\/p>\n<td style=\"text-align: center; vertical-align: middle;\">\u00a0<\/td>\n<p>&#13;<\/p>\n<td style=\"text-align: center; vertical-align: middle;\">\u00a0<\/td>\n<p>&#13;<br \/>\n\t\t<\/tr>\n<p>&#13;<\/p>\n<tr>&#13;<\/p>\n<td style=\"text-align: center; vertical-align: middle;\">\u00a0<\/td>\n<p>&#13;<\/p>\n<td style=\"text-align: center; vertical-align: middle;\">\u00a0<\/td>\n<p>&#13;<br \/>\n\t\t<\/tr>\n<p>&#13;<\/p>\n<tr>&#13;<\/p>\n<td colspan=\"5\" style=\"text-align: center; vertical-align: middle;\">&#13;<\/p>\n<p style=\"text-align:center\">\n<p>&#13;\n\t\t\t<\/td>\n<p>&#13;<br \/>\n\t\t<\/tr>\n<p>&#13;<br \/>\n\t<\/tbody>\n<p>&#13;<br \/>\n<\/table>\n<p>&#13;<br \/>\n<strong>Heineken em Minas Gerais<\/strong><\/p>\n<p>O an\u00fancio da instala\u00e7\u00e3o da f\u00e1brica foi feito pelo Governo de Minas em abril de 2022. Em janeiro de 2023, o Grupo Heineken recebeu do Comit\u00ea de Pol\u00edtica Ambiental (Copam) a licen\u00e7a para implanta\u00e7\u00e3o em Passos e, em mar\u00e7o, deram in\u00edcio \u00e0s obras da cervejaria no munic\u00edpio.<\/p>\n<p>O diretor de Atra\u00e7\u00e3o de Investimentos da Invest Minas, Leandro Andrade, relatou que a ag\u00eancia apoia a cervejaria desde o an\u00fancio da inten\u00e7\u00e3o de instala\u00e7\u00e3o em Minas. &#8220;E seguimos com este trabalho pr\u00f3ximo, desburocratizando todos os passos em rela\u00e7\u00e3o ao Governo de Minas, que sempre se mostrou um parceiro do empreendedor.<br \/>&#13;<br \/>\n\u00a0<\/p>\n<table align=\"center\" border=\"0\" cellpadding=\"1\" cellspacing=\"1\" style=\"width: 100%;\">&#13;<\/p>\n<tbody>&#13;<\/p>\n<tr>&#13;<\/p>\n<td colspan=\"5\" style=\"text-align: center; vertical-align: middle;\">&#13;<\/p>\n<p style=\"text-align:center\">\n<p>&#13;\n\t\t\t<\/td>\n<p>&#13;<br \/>\n\t\t<\/tr>\n<p>&#13;<\/p>\n<tr>&#13;<\/p>\n<td style=\"text-align: center; vertical-align: middle;\">\u00a0<\/td>\n<p>&#13;<\/p>\n<td colspan=\"3\" rowspan=\"3\" style=\"text-align: center; vertical-align: middle;\">&#13;<br \/>\n\t\t\t&#13;\n\t\t\t<\/td>\n<p>&#13;<\/p>\n<td style=\"text-align: center; vertical-align: middle;\">\u00a0<\/td>\n<p>&#13;<br \/>\n\t\t<\/tr>\n<p>&#13;<\/p>\n<tr>&#13;<\/p>\n<td style=\"text-align: center; vertical-align: middle;\">\u00a0<\/td>\n<p>&#13;<\/p>\n<td style=\"text-align: center; vertical-align: middle;\">\u00a0<\/td>\n<p>&#13;<br \/>\n\t\t<\/tr>\n<p>&#13;<\/p>\n<tr>&#13;<\/p>\n<td style=\"text-align: center; vertical-align: middle;\">\u00a0<\/td>\n<p>&#13;<\/p>\n<td style=\"text-align: center; vertical-align: middle;\">\u00a0<\/td>\n<p>&#13;<br \/>\n\t\t<\/tr>\n<p>&#13;<\/p>\n<tr>&#13;<\/p>\n<td colspan=\"5\" style=\"text-align: center; vertical-align: middle;\">&#13;<\/p>\n<p style=\"text-align:center\">\n<p>&#13;\n\t\t\t<\/td>\n<p>&#13;<br \/>\n\t\t<\/tr>\n<p>&#13;<br \/>\n\t<\/tbody>\n<p>&#13;<br \/>\n<\/table>\n<p>&#13;<br \/>\nA unidade contar\u00e1 com processos e equipamentos ainda mais modernos e eficientes, em linha com os compromissos socioambientais estabelecidos pela companhia nos \u00faltimos anos.<\/p>\n<p><strong>A empresa<\/strong><\/p>\n<p>O Grupo Heineken chegou ao Brasil em maio de 2010, ap\u00f3s a aquisi\u00e7\u00e3o da divis\u00e3o de cerveja do Grupo Femsa. Em 2017, fortaleceu sua presen\u00e7a no pa\u00eds com a aquisi\u00e7\u00e3o da Brasil Kirin, consolidando-se como o segundo maior player do mercado brasileiro de cervejas.<\/p>\n<p>Atualmente, no pa\u00eds, a companhia emprega mais de 13 mil pessoas e opera 13 unidades produtivas, al\u00e9m de construir sua 14\u00aa cervejaria em Passos. Com sede em S\u00e3o Paulo, o portf\u00f3lio da companhia inclui marcas como Heineken, Amstel, Eisenbahn, Sol, Baden Baden, Blue Moon, Devassa, Tiger, Bavaria, Glacial, Kaiser e Schin.<\/p>\n<p>Fundada em 1864, a marca surgiu a partir de uma pequena cervejaria familiar, idealizada por Gerard Heineken, no centro de Amsterd\u00e3, nos Pa\u00edses Baixos. Atualmente, o grupo \u00e9 um dos l\u00edderes globais no segmento e tem atua\u00e7\u00e3o em mais de 70 pa\u00edses, com mais de 85 mil colaboradores em todo o mundo.<\/p>\n<\/p><\/div>\n","protected":false},"excerpt":{"rendered":"<p>Relacionadas Minas Gerais deu mais um passo importante na concretiza\u00e7\u00e3o de investimentos de grandes marcas globais para o estado. Ap\u00f3s<\/p>\n","protected":false},"author":1,"featured_media":0,"comment_status":"","ping_status":"","sticky":false,"template":"","format":"standard","meta":{"colormag_page_container_layout":"default_layout","colormag_page_sidebar_layout":"default_layout","footnotes":""},"categories":[1],"tags":[],"class_list":["post-54395","post","type-post","status-publish","format-standard","hentry","category-sem-categoria"],"_links":{"self":[{"href":"https:\/\/euvivoaselecao.com.br\/index.php\/wp-json\/wp\/v2\/posts\/54395","targetHints":{"allow":["GET"]}}],"collection":[{"href":"https:\/\/euvivoaselecao.com.br\/index.php\/wp-json\/wp\/v2\/posts"}],"about":[{"href":"https:\/\/euvivoaselecao.com.br\/index.php\/wp-json\/wp\/v2\/types\/post"}],"author":[{"embeddable":true,"href":"https:\/\/euvivoaselecao.com.br\/index.php\/wp-json\/wp\/v2\/users\/1"}],"replies":[{"embeddable":true,"href":"https:\/\/euvivoaselecao.com.br\/index.php\/wp-json\/wp\/v2\/comments?post=54395"}],"version-history":[{"count":0,"href":"https:\/\/euvivoaselecao.com.br\/index.php\/wp-json\/wp\/v2\/posts\/54395\/revisions"}],"wp:attachment":[{"href":"https:\/\/euvivoaselecao.com.br\/index.php\/wp-json\/wp\/v2\/media?parent=54395"}],"wp:term":[{"taxonomy":"category","embeddable":true,"href":"https:\/\/euvivoaselecao.com.br\/index.php\/wp-json\/wp\/v2\/categories?post=54395"},{"taxonomy":"post_tag","embeddable":true,"href":"https:\/\/euvivoaselecao.com.br\/index.php\/wp-json\/wp\/v2\/tags?post=54395"}],"curies":[{"name":"wp","href":"https:\/\/api.w.org\/{rel}","templated":true}]}}