{"id":54423,"date":"2025-06-27T14:38:12","date_gmt":"2025-06-27T17:38:12","guid":{"rendered":"https:\/\/euvivoaselecao.com.br\/index.php\/2025\/06\/27\/prefeitura-de-joao-pessoa-convoca-aprovados-no-concurso-de-acs-e-ace-para-curso-de-formacao\/"},"modified":"2025-06-27T14:38:12","modified_gmt":"2025-06-27T17:38:12","slug":"prefeitura-de-joao-pessoa-convoca-aprovados-no-concurso-de-acs-e-ace-para-curso-de-formacao","status":"publish","type":"post","link":"https:\/\/euvivoaselecao.com.br\/index.php\/2025\/06\/27\/prefeitura-de-joao-pessoa-convoca-aprovados-no-concurso-de-acs-e-ace-para-curso-de-formacao\/","title":{"rendered":"Prefeitura de Jo\u00e3o Pessoa convoca aprovados no concurso de ACS e ACE para curso de forma\u00e7\u00e3o"},"content":{"rendered":"<p><\/p>\n<div>\n<p>A Prefeitura de Jo\u00e3o Pessoa publicou, nesta quinta-feira (26), o edital de convoca\u00e7\u00e3o para o curso de forma\u00e7\u00e3o profissional dos candidatos aprovados no concurso p\u00fablico (n\u00ba 1\/2024) de Agente Comunit\u00e1rio de Sa\u00fade (ACS) e Agente de Combate \u00e0s Endemias (ACE). O documento est\u00e1 dispon\u00edvel no Portal da Transpar\u00eancia atrav\u00e9s do link: https:\/\/transparencia.joaopessoa.pb.gov.br:8080\/editais\/visualizar-arquivo?id=1828<\/p>\n<figure class=\"wp-block-gallery has-nested-images columns-default is-cropped wp-block-gallery-1 is-layout-flex wp-block-gallery-is-layout-flex\">\n<figure class=\"wp-block-image size-large\"><\/figure>\n<figure class=\"wp-block-image size-large\"><\/figure>\n<\/figure>\n<p>Para participar da forma\u00e7\u00e3o, que tem car\u00e1ter eliminat\u00f3rio, os candidatos convocados devem efetuar matr\u00edcula a partir desta sexta-feira (27) at\u00e9 o domingo (29), exclusivamente online, por meio do sistema 1Doc, acess\u00edvel atrav\u00e9s do endere\u00e7o: <u>https:\/\/joaopessoa.1doc.com.br\/atendimento<\/u>. O passo a passo para efetuar a matr\u00edcula est\u00e1 descrito no edital de convoca\u00e7\u00e3o.<\/p>\n<p>O curso ser\u00e1 realizado por meio da Escola T\u00e9cnica de Sa\u00fade do Centro Profissional e Tecnol\u00f3gico da Universidade Federal da Para\u00edba (UFPB). O objetivo \u00e9 qualificar os candidatos para desenvolverem a\u00e7\u00f5es de cuidado integral \u00e0 popula\u00e7\u00e3o residente em suas \u00e1reas de atua\u00e7\u00e3o.<\/p>\n<p>O secret\u00e1rio municipal de Sa\u00fade, Luis Ferreira, falou sobre a import\u00e2ncia do curso. \u201c\u00c9 uma grande satisfa\u00e7\u00e3o iniciarmos o curso de forma\u00e7\u00e3o profissional para os aprovados no concurso p\u00fablico. \u00c9 uma etapa essencial de qualifica\u00e7\u00e3o, refor\u00e7ando o compromisso com a excel\u00eancia no servi\u00e7o p\u00fablico. A forma\u00e7\u00e3o garante que esses profissionais estejam preparados para atuar nas comunidades, promovendo sa\u00fade, preven\u00e7\u00e3o e cuidado\u201d, afirmou.<\/p>\n<p><strong>Curso \u2013 <\/strong>A qualifica\u00e7\u00e3o ter\u00e1 uma carga hor\u00e1ria de 40 horas, incluindo aulas pr\u00e1ticas e te\u00f3ricas (divididas em cinco m\u00f3dulos), com os candidatos distribu\u00eddos em cinco turmas. Conforme o cronograma, as aulas te\u00f3ricas acontecer\u00e3o no per\u00edodo de 11 de julho a 9 de agosto e as atividades pr\u00e1ticas de 18 de agosto a 5 de setembro. J\u00e1 o resultado final dever\u00e1 ser divulgado em 12 de setembro.<\/p>\n<figure class=\"wp-block-gallery has-nested-images columns-default is-cropped wp-block-gallery-2 is-layout-flex wp-block-gallery-is-layout-flex\">\n<figure class=\"wp-block-image size-large\"><\/figure>\n<figure class=\"wp-block-image size-large\"><\/figure>\n<\/figure>\n<p>Durante o treinamento, os candidatos ter\u00e3o a oportunidade de aprender sobre o Sistema \u00danico de Sa\u00fade (SUS), a estrutura da Rede de Sa\u00fade de Jo\u00e3o Pessoa; Programa de Sa\u00fade da Fam\u00edlia (PSF), atribui\u00e7\u00f5es do ACS e ACE; pol\u00edticas p\u00fablicas; controle social no SUS; no\u00e7\u00f5es b\u00e1sicas de Vigil\u00e2ncia em Sa\u00fade; t\u00e9cnica de entrevista; visita domiciliar; cadastramento das fam\u00edlias e outros conte\u00fados.<\/p>\n<p>De acordo com o edital do certame, ser\u00e1 eliminado do concurso p\u00fablico o candidato que deixar de efetuar a matr\u00edcula no curso de forma\u00e7\u00e3o profissional, se afastar do curso por qualquer motivo, n\u00e3o frequentar no m\u00ednimo 85% das horas de aulas pr\u00e1ticas e te\u00f3ricas e n\u00e3o obtiver 60% de aproveitamento nas avalia\u00e7\u00f5es pr\u00e1ticas e te\u00f3ricas.<\/p>\n<p><strong>Lista complementar \u2013<\/strong> Tamb\u00e9m foi publicada, nesta sexta-feira (27), uma lista complementar ao edital de convoca\u00e7\u00e3o para o curso de forma\u00e7\u00e3o profissional de ACS e ACE. Os interessados devem acessar o link: https:\/\/transparencia.joaopessoa.pb.gov.br:8080\/editais\/visualizar-arquivo?id=1829<\/p>\n<p><strong>Concurso \u2013 <\/strong>As provas para o concurso de Agentes Comunit\u00e1rios de Sa\u00fade e Agentes Comunit\u00e1rios de Endemias foram realizadas em dezembro de 2024 e o resultado final do certame foi publicado em 28 de fevereiro de 2025. Os aprovados v\u00e3o refor\u00e7ar os servi\u00e7os da Secretaria Municipal de Sa\u00fade (SMS), assumindo fun\u00e7\u00f5es essenciais no atendimento \u00e0 popula\u00e7\u00e3o.<\/p>\n<\/p><\/div>\n","protected":false},"excerpt":{"rendered":"<p>A Prefeitura de Jo\u00e3o Pessoa publicou, nesta quinta-feira (26), o edital de convoca\u00e7\u00e3o para o curso de forma\u00e7\u00e3o profissional dos<\/p>\n","protected":false},"author":1,"featured_media":0,"comment_status":"","ping_status":"","sticky":false,"template":"","format":"standard","meta":{"colormag_page_container_layout":"default_layout","colormag_page_sidebar_layout":"default_layout","footnotes":""},"categories":[1],"tags":[],"class_list":["post-54423","post","type-post","status-publish","format-standard","hentry","category-sem-categoria"],"_links":{"self":[{"href":"https:\/\/euvivoaselecao.com.br\/index.php\/wp-json\/wp\/v2\/posts\/54423","targetHints":{"allow":["GET"]}}],"collection":[{"href":"https:\/\/euvivoaselecao.com.br\/index.php\/wp-json\/wp\/v2\/posts"}],"about":[{"href":"https:\/\/euvivoaselecao.com.br\/index.php\/wp-json\/wp\/v2\/types\/post"}],"author":[{"embeddable":true,"href":"https:\/\/euvivoaselecao.com.br\/index.php\/wp-json\/wp\/v2\/users\/1"}],"replies":[{"embeddable":true,"href":"https:\/\/euvivoaselecao.com.br\/index.php\/wp-json\/wp\/v2\/comments?post=54423"}],"version-history":[{"count":0,"href":"https:\/\/euvivoaselecao.com.br\/index.php\/wp-json\/wp\/v2\/posts\/54423\/revisions"}],"wp:attachment":[{"href":"https:\/\/euvivoaselecao.com.br\/index.php\/wp-json\/wp\/v2\/media?parent=54423"}],"wp:term":[{"taxonomy":"category","embeddable":true,"href":"https:\/\/euvivoaselecao.com.br\/index.php\/wp-json\/wp\/v2\/categories?post=54423"},{"taxonomy":"post_tag","embeddable":true,"href":"https:\/\/euvivoaselecao.com.br\/index.php\/wp-json\/wp\/v2\/tags?post=54423"}],"curies":[{"name":"wp","href":"https:\/\/api.w.org\/{rel}","templated":true}]}}