{"id":54454,"date":"2025-06-27T20:16:35","date_gmt":"2025-06-27T23:16:35","guid":{"rendered":"https:\/\/euvivoaselecao.com.br\/index.php\/2025\/06\/27\/brasil-podera-deixar-ate-150-produtos-fora-da-tarifa-comum-do-mercosul\/"},"modified":"2025-06-27T20:16:35","modified_gmt":"2025-06-27T23:16:35","slug":"brasil-podera-deixar-ate-150-produtos-fora-da-tarifa-comum-do-mercosul","status":"publish","type":"post","link":"https:\/\/euvivoaselecao.com.br\/index.php\/2025\/06\/27\/brasil-podera-deixar-ate-150-produtos-fora-da-tarifa-comum-do-mercosul\/","title":{"rendered":"Brasil poder\u00e1 deixar at\u00e9 150 produtos fora da tarifa comum do Mercosul"},"content":{"rendered":"<p><\/p>\n<div wp_automatic_readability=\"59.680865681896\">\n<p><strong>Os pa\u00edses do Mercosul poder\u00e3o ampliar em 50 o n\u00famero de tipos de produtos (expressos em c\u00f3digos tarif\u00e1rios) fora da tarifa externa comum do bloco<\/strong>. O acordo foi assinado na quinta-feira (26) em Montevid\u00e9u, mas s\u00f3 foi divulgado nesta sexta (27).<\/p>\n<p>Com a mudan\u00e7a, <strong>o n\u00famero de itens que Brasil e Argentina poder\u00e3o incluir na Lista de Exce\u00e7\u00f5es \u00e0 Tarifa Externa Comum (Letec) sobe de 100 para 150 at\u00e9 2028. No caso do\u00a0Uruguai, passa de 225 para 275 at\u00e9 2029. E, no do\u00a0Paraguai, de 649 para 699 at\u00e9 2030.<\/strong><\/p>\n<p>O aumento de tarifas em rela\u00e7\u00e3o \u00e0 tarifa externa comum do Mercosul continua a obedecer \u00e0s regras vigentes. A redu\u00e7\u00e3o de tarifas para os 50 itens adicionais s\u00f3 poder\u00e1 ser aplicada em duas situa\u00e7\u00f5es:<\/p>\n<p><strong>Sele\u00e7\u00e3o feminina \u00e9 derrotada em \u00faltimo teste antes da Copa Am\u00e9rica<\/strong><\/p>\n<p><strong>AGU entrega ao Supremo plano para regulariza\u00e7\u00e3o de terras ind\u00edgenas<\/strong><\/p>\n<ul>\n<li>Quando as exporta\u00e7\u00f5es a cada Estado-Parte do Mercosul representarem menos de 20% das exporta\u00e7\u00f5es totais do c\u00f3digo tarif\u00e1rio objeto da medida;<\/li>\n<li>Para evitar concentra\u00e7\u00e3o em setores econ\u00f4micos, as redu\u00e7\u00f5es est\u00e3o limitadas a 30% dos novos c\u00f3digos por cap\u00edtulo da Nomenclatura Comum do Mercosul (NCM).<\/li>\n<\/ul>\n<p>Do lado do Brasil, a norma foi negociada pelos minist\u00e9rios das Rela\u00e7\u00f5es Exteriores e do Desenvolvimento, Ind\u00fastria, Com\u00e9rcio e Servi\u00e7os (Mdic). <strong>Em nota, o Mdic informou que a decis\u00e3o melhora a capacidade de rea\u00e7\u00e3o do Mercosul a distor\u00e7\u00f5es comerciais criadas por barreiras ou por pr\u00e1ticas n\u00e3o autorizadas pela Organiza\u00e7\u00e3o Mundial do Com\u00e9rcio (OMC).<\/strong><\/p>\n<p>\u201cA Letec ampliada representa instrumento adicional \u00e0 disposi\u00e7\u00e3o do governo brasileiro para equacionar quest\u00f5es relativas a desvios de com\u00e9rcio, frente \u00e0s incertezas sobre barreiras comerciais decorrentes do contexto internacional\u201d, disse o secret\u00e1rio executivo do MDIC, M\u00e1rcio Elias Rosa, em comunicado.<\/p>\n<p>Para entrar em vigor no Brasil, o Comit\u00ea Executivo de Gest\u00e3o (Gecex) da C\u00e2mara de Com\u00e9rcio Exterior (Camex) precisa editar uma resolu\u00e7\u00e3o.<\/p>\n<h2>Uni\u00e3o aduaneira<\/h2>\n<p><strong>Por se tratar de uma uni\u00e3o aduaneira, o Mercosul exige que os pa\u00edses-membros apliquem o mesmo Imposto de Importa\u00e7\u00e3o para os produtos.<\/strong> Isso para garantir que um produto seja importado com a mesma tarifa, independentemente do pa\u00eds do Mercosul. Ap\u00f3s a entrada do bem no bloco, ele pode transitar entre os pa\u00edses-membros com al\u00edquota zero.<\/p>\n<p><strong>Cemit\u00e9rio clandestino \u00e9 encontrado em parque na regi\u00e3o sul paulistana<\/strong><\/p>\n<p><strong>Moraes manda prender condenados por bomba no aeroporto de Bras\u00edlia<\/strong><\/p>\n<p>A uni\u00e3o aduaneira tem uma integra\u00e7\u00e3o mais avan\u00e7ada que a \u00e1rea de livre com\u00e9rcio. Isso porque esse sistema prev\u00ea apenas a isen\u00e7\u00e3o de tarifas entre os pa\u00edses-membros, sem a harmoniza\u00e7\u00e3o das al\u00edquotas de importa\u00e7\u00e3o. Dessa forma, um produto pode entrar por um pa\u00eds que cobra a menor tarifa e circular livremente entre os pa\u00edses da \u00e1rea de livre com\u00e9rcio.<\/p>\n<\/div>\n","protected":false},"excerpt":{"rendered":"<p>Os pa\u00edses do Mercosul poder\u00e3o ampliar em 50 o n\u00famero de tipos de produtos (expressos em c\u00f3digos tarif\u00e1rios) fora da<\/p>\n","protected":false},"author":2,"featured_media":0,"comment_status":"","ping_status":"","sticky":false,"template":"","format":"standard","meta":{"colormag_page_container_layout":"default_layout","colormag_page_sidebar_layout":"default_layout","footnotes":""},"categories":[],"tags":[],"class_list":["post-54454","post","type-post","status-publish","format-standard","hentry"],"_links":{"self":[{"href":"https:\/\/euvivoaselecao.com.br\/index.php\/wp-json\/wp\/v2\/posts\/54454","targetHints":{"allow":["GET"]}}],"collection":[{"href":"https:\/\/euvivoaselecao.com.br\/index.php\/wp-json\/wp\/v2\/posts"}],"about":[{"href":"https:\/\/euvivoaselecao.com.br\/index.php\/wp-json\/wp\/v2\/types\/post"}],"author":[{"embeddable":true,"href":"https:\/\/euvivoaselecao.com.br\/index.php\/wp-json\/wp\/v2\/users\/2"}],"replies":[{"embeddable":true,"href":"https:\/\/euvivoaselecao.com.br\/index.php\/wp-json\/wp\/v2\/comments?post=54454"}],"version-history":[{"count":0,"href":"https:\/\/euvivoaselecao.com.br\/index.php\/wp-json\/wp\/v2\/posts\/54454\/revisions"}],"wp:attachment":[{"href":"https:\/\/euvivoaselecao.com.br\/index.php\/wp-json\/wp\/v2\/media?parent=54454"}],"wp:term":[{"taxonomy":"category","embeddable":true,"href":"https:\/\/euvivoaselecao.com.br\/index.php\/wp-json\/wp\/v2\/categories?post=54454"},{"taxonomy":"post_tag","embeddable":true,"href":"https:\/\/euvivoaselecao.com.br\/index.php\/wp-json\/wp\/v2\/tags?post=54454"}],"curies":[{"name":"wp","href":"https:\/\/api.w.org\/{rel}","templated":true}]}}