{"id":54462,"date":"2025-06-27T22:19:58","date_gmt":"2025-06-28T01:19:58","guid":{"rendered":"https:\/\/euvivoaselecao.com.br\/index.php\/2025\/06\/27\/processo-seletivo-2025-2-divulgada-alteracao-no-cronograma-de-bancas-de-heteroidentificacao-ifsp\/"},"modified":"2025-06-27T22:19:58","modified_gmt":"2025-06-28T01:19:58","slug":"processo-seletivo-2025-2-divulgada-alteracao-no-cronograma-de-bancas-de-heteroidentificacao-ifsp","status":"publish","type":"post","link":"https:\/\/euvivoaselecao.com.br\/index.php\/2025\/06\/27\/processo-seletivo-2025-2-divulgada-alteracao-no-cronograma-de-bancas-de-heteroidentificacao-ifsp\/","title":{"rendered":"Processo Seletivo 2025\/2: divulgada altera\u00e7\u00e3o no cronograma de bancas de heteroidentifica\u00e7\u00e3o &#8211; IFSP"},"content":{"rendered":"<p><\/p>\n<div>\n<div class=\"subtitle\">\n<p data-start=\"77\" data-end=\"178\">Resultado preliminar das bancas de heteroidentifica\u00e7\u00e3o ser\u00e1 publicado em 1\u00ba de julho<\/p>\n<\/div>\n<p><!-- fim .content-header-options-1 --><\/p>\n<p data-start=\"180\" data-end=\"406\">A Comiss\u00e3o Central do Processo Seletivo do IFSP divulgou, por meio da Errata n.\u00ba 09, a altera\u00e7\u00e3o no cronograma referente ao Edital n\u00ba 86\/2025, que trata da sele\u00e7\u00e3o para cursos t\u00e9cnicos com ingresso no segundo semestre de 2025.<\/p>\n<p data-start=\"408\" data-end=\"738\">De acordo com a atualiza\u00e7\u00e3o, o resultado preliminar das bancas de heteroidentifica\u00e7\u00e3o, antes previsto para 27 de junho, ser\u00e1 publicado no dia <strong data-start=\"550\" data-end=\"573\">1\u00ba de julho de 2025<\/strong>, ap\u00f3s \u00e0s 20h. Com isso, o per\u00edodo para interposi\u00e7\u00e3o de recursos tamb\u00e9m foi alterado: os candidatos poder\u00e3o apresentar recursos nos dias <strong data-start=\"710\" data-end=\"737\">1\u00ba e 2 de julho de 2025<\/strong>.<\/p>\n<p data-start=\"740\" data-end=\"949\">Mais informa\u00e7\u00f5es e atualiza\u00e7\u00f5es est\u00e3o dispon\u00edveis em\u00a0processoseletivo.ifsp.edu.br\/cursos-tecnicos-2025-02.<\/p>\n<\/div>\n","protected":false},"excerpt":{"rendered":"<p>Resultado preliminar das bancas de heteroidentifica\u00e7\u00e3o ser\u00e1 publicado em 1\u00ba de julho A Comiss\u00e3o Central do Processo Seletivo do IFSP<\/p>\n","protected":false},"author":1,"featured_media":0,"comment_status":"","ping_status":"","sticky":false,"template":"","format":"standard","meta":{"colormag_page_container_layout":"default_layout","colormag_page_sidebar_layout":"default_layout","footnotes":""},"categories":[1],"tags":[],"class_list":["post-54462","post","type-post","status-publish","format-standard","hentry","category-sem-categoria"],"_links":{"self":[{"href":"https:\/\/euvivoaselecao.com.br\/index.php\/wp-json\/wp\/v2\/posts\/54462","targetHints":{"allow":["GET"]}}],"collection":[{"href":"https:\/\/euvivoaselecao.com.br\/index.php\/wp-json\/wp\/v2\/posts"}],"about":[{"href":"https:\/\/euvivoaselecao.com.br\/index.php\/wp-json\/wp\/v2\/types\/post"}],"author":[{"embeddable":true,"href":"https:\/\/euvivoaselecao.com.br\/index.php\/wp-json\/wp\/v2\/users\/1"}],"replies":[{"embeddable":true,"href":"https:\/\/euvivoaselecao.com.br\/index.php\/wp-json\/wp\/v2\/comments?post=54462"}],"version-history":[{"count":0,"href":"https:\/\/euvivoaselecao.com.br\/index.php\/wp-json\/wp\/v2\/posts\/54462\/revisions"}],"wp:attachment":[{"href":"https:\/\/euvivoaselecao.com.br\/index.php\/wp-json\/wp\/v2\/media?parent=54462"}],"wp:term":[{"taxonomy":"category","embeddable":true,"href":"https:\/\/euvivoaselecao.com.br\/index.php\/wp-json\/wp\/v2\/categories?post=54462"},{"taxonomy":"post_tag","embeddable":true,"href":"https:\/\/euvivoaselecao.com.br\/index.php\/wp-json\/wp\/v2\/tags?post=54462"}],"curies":[{"name":"wp","href":"https:\/\/api.w.org\/{rel}","templated":true}]}}