{"id":54474,"date":"2025-06-28T00:26:05","date_gmt":"2025-06-28T03:26:05","guid":{"rendered":"https:\/\/euvivoaselecao.com.br\/index.php\/2025\/06\/28\/prefeitura-de-bairro-em-bairro-atende-moradores-do-parque-sao-bento-e-jardim-nova-esperanca-agencia-de-noticias\/"},"modified":"2025-06-28T00:26:05","modified_gmt":"2025-06-28T03:26:05","slug":"prefeitura-de-bairro-em-bairro-atende-moradores-do-parque-sao-bento-e-jardim-nova-esperanca-agencia-de-noticias","status":"publish","type":"post","link":"https:\/\/euvivoaselecao.com.br\/index.php\/2025\/06\/28\/prefeitura-de-bairro-em-bairro-atende-moradores-do-parque-sao-bento-e-jardim-nova-esperanca-agencia-de-noticias\/","title":{"rendered":"\u201cPrefeitura de bairro em bairro\u201d atende moradores do Parque S\u00e3o Bento e Jardim Nova Esperan\u00e7a \u2013 Ag\u00eancia de Not\u00edcias"},"content":{"rendered":"<p><\/p>\n<div wp_automatic_readability=\"222\">\n<figure id=\"attachment_162602\" aria-describedby=\"caption-attachment-162602\" style=\"width: 1024px\" class=\"wp-caption aligncenter\"><figcaption id=\"caption-attachment-162602\" class=\"wp-caption-text\">Fotos: Michelle Alves<\/figcaption><\/figure>\n<p>O programa \u201cPrefeitura de bairro em bairro\u201d, nesta sexta-feira (27), ocorreu no Parque S\u00e3o Bento e no Jardim Nova Esperan\u00e7a, respectivamente localizados nas zonas Norte e Oeste da cidade. A equipe da Administra\u00e7\u00e3o Municipal ouviu as demandas da comunidade e esclareceu d\u00favidas, bem como an\u00fancio de a\u00e7\u00f5es, sobretudo, nas \u00e1reas da sa\u00fade, infraestrutura urbana e lazer.<\/p>\n<p>O prefeito Rodrigo Manga esteve \u00e0 frente da equipe do Poder P\u00fablico, composta pelos secret\u00e1rios municipais Darwin de Almeida (Servi\u00e7os P\u00fablicos e Obras), Carlos Eduardo Paschoini (Mobilidade), Jo\u00e3o Alberto Corr\u00eaa Maia (Seguran\u00e7a Urbana), Clayton Lustosa (Educa\u00e7\u00e3o), Ant\u00f4nio Zamuner (Cultura), Vitor Mosca (Esporte e Qualidade de Vida), Maur\u00edcio Campanati (Planejamento e Desenvolvimento Urbano), Bruno Santana (Rela\u00e7\u00f5es do Trabalho e Qualifica\u00e7\u00e3o Profissional), Ant\u00f4nio Genezzi Lopes (Meio Ambiente, Prote\u00e7\u00e3o e Bem-Estar Animal), Ana Cl\u00e1udia Fauaz (Cidadania), S\u00e9rgio Barreto (Habita\u00e7\u00e3o e Regulariza\u00e7\u00e3o Fundi\u00e1ria), Priscila Feliciano (Sa\u00fade). Tamb\u00e9m estiveram presentes o diretor-geral do Saae\/Sorocaba, Glauco Foga\u00e7a; o secret\u00e1rio de Gabinete Central e ouvidor-geral do Munic\u00edpio, Evandro Bueno; o comandante-geral da Guarda Civil Municipal (GCM) de Sorocaba, Davi Dutra, e os vereadores Rafael Milit\u00e3o, Caio Oliveira e Toninho Corredor.<\/p>\n<p>\u00a0<\/p>\n<p><strong>Parque S\u00e3o Bento<\/strong><\/p>\n<p>A primeira parada da equipe do Programa \u201cPrefeitura de Bairro em Bairro\u201d foi no Parque S\u00e3o Bento, Zona Norte da cidade. Em um ponto da Avenida Vin\u00edcius de Moraes, o grupo ouviu as demandas de mun\u00edcipes e fez o encaminhamento das demandas.<\/p>\n<p>A maioria das reivindica\u00e7\u00f5es referiu-se \u00e0 \u00e1rea da Sa\u00fade, como amplia\u00e7\u00e3o da distribui\u00e7\u00e3o de preservativos em unidade de sa\u00fade que atendem essa regi\u00e3o, requisi\u00e7\u00e3o de visita do \u201cM\u00e9dico da Fam\u00edlia\u201d para continuidade de acompanhamento de paciente acamado e pedido de consulta m\u00e9dica para especialidades, como ginecologia, ortopedia.<\/p>\n<p><strong>Jardim Nova Esperan\u00e7a <\/strong><\/p>\n<p>A segunda visita foi ao Jardim Nova Esperan\u00e7a, na Zona Oeste da cidade. A a\u00e7\u00e3o atendeu os moradores da Comunidade Canta Sapo, ocasi\u00e3o em que foi anunciada a instala\u00e7\u00e3o de gradis de prote\u00e7\u00e3o ao longo do c\u00f3rrego que corta o bairro, al\u00e9m de um playground e pontos de ilumina\u00e7\u00e3o p\u00fablica. Os servi\u00e7os devem ser iniciados em 90 dias. Por sua vez, a coloca\u00e7\u00e3o de pedriscos e de material frisado em ruas de terra j\u00e1 teve in\u00edcio e prosseguem nas pr\u00f3ximas semanas.<\/p>\n<p><strong>Prefeitura de bairro em bairro<\/strong><\/p>\n<p>O programa \u201cPrefeitura de bairro em bairro\u201d \u00e9 realizado desde a primeira semana de janeiro de 2021, em que as equipes da Prefeitura de Sorocaba percorrem pontos, em todas as regi\u00f5es da cidade, ouvindo as demandas dos moradores e providenciando solu\u00e7\u00f5es e melhorias. Em cada local, uma comiss\u00e3o de moradores \u00e9 montada para acompanhar diretamente os tr\u00e2mites para execu\u00e7\u00e3o de cada servi\u00e7o solicitado.<\/p>\n<p>Mais de 100 bairros j\u00e1 foram atendidos pelo programa, incluindo: Jardim Lucy, Jd. Luciana Maria, Portal do Itavuvu, Jd. Terras de Arieta, Ipanema das Pedras, Genebra, Cajuru do Sul, Jardim Bandeirantes, \u00c9den, Nilton Torres, Santa Catarina, Jardim Ana Maria, Dona Tereza, Jardim Iguatemi, Centro, Parque dos Eucaliptos, Jardim Eldorado, Jardim Bet\u00e2nia, Jardim S\u00e3o Carlos, Fazenda Imperial, Astro, Jardim Guadalajara, Jardim Dois Cora\u00e7\u00f5es, Jardim Santa Cec\u00edlia, Jardim Santa Esmeralda, Jardim Ipiranga, Jardim Gramados de Sorocaba, Residencial Martinez, Caguass\u00fa, Jardim Tropical, Wanel Ville, Vila Progresso, Parque Vit\u00f3ria R\u00e9gia, jardim Boa Esperan\u00e7a, Jardim Nova Esperan\u00e7a, Jardim Residencial Morada das Flores, Vila Bar\u00e3o, Conjunto Habitacional Herbert de Souza, Jardim Zulmira, Retiro S\u00e3o Jo\u00e3o, Jacutinga, Jardim Sol Nascente, Mato Dentro, Parque Ouro Fino, Jardim do Pa\u00e7o, Vila Eros, Mineir\u00e3o, Jardim Louzada, J\u00falio de Mesquita Filho, Vill\u00e1gio Torino, Santa Helena, Vit\u00f3ria Ville, Vila Haro, Jardim Los Angeles, Jardim Cruzeiro do Sul, Vila Matilde, Jardim Gua\u00edba, Jardim Novo Horizonte, Jardim S\u00e3o Guilherme, Jardim Am\u00e9rica, Ipanema Ville, Jardim Paulistano, Vila Nova Sorocaba, Jardim Prestes de Barros, Jardim S\u00e3o Paulo, Central Parque, Vila Carvalho, Parada do Alto, Jardim Itapemirim, Vila Colorau, Vila Marli, Parque S\u00e3o Bento, Brigadeiro Tobias, Aparecidinha, Vila do Sonho, Novo Mundo, Santa Luiza, Conjunto Ana Paula Eleut\u00e9rio (Habiteto), Vila Santa Clara, Jardim Tatiana, Botucatu, Ch\u00e1cara Ana Maria, Jardim Pagliato, S\u00e3o Sebasti\u00e3o, Jardim Alpes de Sorocaba, Vila Jo\u00e3o Rom\u00e3o, Vila Sabi\u00e1, Villa Amato, Jardim Tulipas, Piazza Di Roma, Jardim Ipanema, Jardim Marco Ant\u00f4nio, Jardim Maria Eug\u00eania, Vila Espirito Santo, Caputera, Campininha, Jardim Hungar\u00eas, Parque Esmeralda, Vila Tup\u00e3, Vila Assis, Jardim Planalto, Jardim Nogueira, Vila dos D\u00e1lmatas, Jardim Saira, Jardim S\u00e3o Marcos, Iporanga 2, Lopes de Oliveira, Inha\u00edba, Jardim Guadalupe, Monte Alpino, Jardim Santa Marta, Jardim S\u00e3o Marcos 2, Ch\u00e1cara Tr\u00eas Marias, Vila Uni\u00e3o, Parque Santa Isabel, Jardim Paulista 2, dentre outros.<\/p>\n<p>\u00a0<\/p>\n<p><!-- Root element of PhotoSwipe. Must have class pswp. --><\/p><\/div>\n","protected":false},"excerpt":{"rendered":"<p>Fotos: Michelle Alves O programa \u201cPrefeitura de bairro em bairro\u201d, nesta sexta-feira (27), ocorreu no Parque S\u00e3o Bento e no<\/p>\n","protected":false},"author":1,"featured_media":0,"comment_status":"","ping_status":"","sticky":false,"template":"","format":"standard","meta":{"colormag_page_container_layout":"default_layout","colormag_page_sidebar_layout":"default_layout","footnotes":""},"categories":[1],"tags":[],"class_list":["post-54474","post","type-post","status-publish","format-standard","hentry","category-sem-categoria"],"_links":{"self":[{"href":"https:\/\/euvivoaselecao.com.br\/index.php\/wp-json\/wp\/v2\/posts\/54474","targetHints":{"allow":["GET"]}}],"collection":[{"href":"https:\/\/euvivoaselecao.com.br\/index.php\/wp-json\/wp\/v2\/posts"}],"about":[{"href":"https:\/\/euvivoaselecao.com.br\/index.php\/wp-json\/wp\/v2\/types\/post"}],"author":[{"embeddable":true,"href":"https:\/\/euvivoaselecao.com.br\/index.php\/wp-json\/wp\/v2\/users\/1"}],"replies":[{"embeddable":true,"href":"https:\/\/euvivoaselecao.com.br\/index.php\/wp-json\/wp\/v2\/comments?post=54474"}],"version-history":[{"count":0,"href":"https:\/\/euvivoaselecao.com.br\/index.php\/wp-json\/wp\/v2\/posts\/54474\/revisions"}],"wp:attachment":[{"href":"https:\/\/euvivoaselecao.com.br\/index.php\/wp-json\/wp\/v2\/media?parent=54474"}],"wp:term":[{"taxonomy":"category","embeddable":true,"href":"https:\/\/euvivoaselecao.com.br\/index.php\/wp-json\/wp\/v2\/categories?post=54474"},{"taxonomy":"post_tag","embeddable":true,"href":"https:\/\/euvivoaselecao.com.br\/index.php\/wp-json\/wp\/v2\/tags?post=54474"}],"curies":[{"name":"wp","href":"https:\/\/api.w.org\/{rel}","templated":true}]}}