{"id":54475,"date":"2025-06-28T00:27:00","date_gmt":"2025-06-28T03:27:00","guid":{"rendered":"https:\/\/euvivoaselecao.com.br\/index.php\/2025\/06\/28\/brasil-garante-dois-bronzes-em-copa-do-mundo-2\/"},"modified":"2025-06-28T00:27:00","modified_gmt":"2025-06-28T03:27:00","slug":"brasil-garante-dois-bronzes-em-copa-do-mundo-2","status":"publish","type":"post","link":"https:\/\/euvivoaselecao.com.br\/index.php\/2025\/06\/28\/brasil-garante-dois-bronzes-em-copa-do-mundo-2\/","title":{"rendered":"Brasil garante dois bronzes em Copa do Mundo"},"content":{"rendered":"<p><\/p>\n<div wp_automatic_readability=\"35.143362831858\">\n<p>O Brasil garantiu duas medalhas de bronze na etapa de Innsbruck (\u00c1ustria) da Copa do Mundo de escalada paral\u00edmpica, que foi disputada at\u00e9 a \u00faltima ter\u00e7a-feira (24). As conquistas foram garantidas pela paulista Marina Dias e pelo carioca Igor Mesquita.<\/p>\n<blockquote class=\"twitter-tweet\" wp_automatic_readability=\"14.166371681416\">\n<p dir=\"ltr\" lang=\"pt\" xml:lang=\"pt\">MEDALHA PARA O BRASIL! \ud83e\udd49\ud83e\udd49\ud83c\udde7\ud83c\uddf7<\/p>\n<p>Na Copa do Mundo de escalada na \u00c1ustria, a Marina Dias e o Igor Mesquita subiram ao p\u00f3dio no in\u00edcio desta semana. Ambos os atletas conquistaram a medalha de bronze, em suas respectivas classes.<\/p>\n<p><strong>Definidos os advers\u00e1rios de 8 brasileiros na 1\u00aa rodada de Wimbledon<\/strong><\/p>\n<p><strong>ASSISTIR AO VIVO Flamengo x Bayern de Munique, HOJE (29\/06), PALPITES, Escala\u00e7\u00f5es Mundial de Clubes da FIFA<\/strong><\/p>\n<p>\ud83e\uddd7 Saiba mais sobre a modalidade que ser\u00e1 uma das\u2026 <a href=\"https:\/\/t.co\/3lbjJ1hi3w\" target=\"_blank\">pic.twitter.com\/3lbjJ1hi3w<\/a><\/p>\n<p>\u2014 Comit\u00ea Paral\u00edmpico Brasileiro (@BraParalimpico) <a href=\"https:\/\/twitter.com\/BraParalimpico\/status\/1938613550781477373?ref_src=twsrc%5Etfw\" target=\"_blank\" rel=\"noopener\">June 27, 2025<\/a><\/p>\n<\/blockquote>\n<p>Marina, que compete na classe RP3 (de atletas com limita\u00e7\u00f5es de alcance, for\u00e7a e pot\u00eancia), conquistou sua oitava medalha em etapas de Copa do Mundo. Ela \u00e9 a atual campe\u00e3 mundial da categoria e, este ano, tamb\u00e9m j\u00e1 havia conquistado um bronze na etapa de Salt Lake (Estados Unidos).<\/p>\n<p>Igor Mesquita tamb\u00e9m est\u00e1 na classe RP3. Este \u00e9 o primeiro p\u00f3dio do carioca em competi\u00e7\u00f5es internacionais.<\/p>\n<p><strong>ASSISTIR AO VIVO PSG x Inter Miami, HOJE (29\/06), PALPITES, Escala\u00e7\u00f5es Mundial de Clubes da FIFA<\/strong><\/p>\n<p><strong>ASSISTIR AO VIVO Palmeiras x Botafogo, HOJE (28\/06), PALPITES, Escala\u00e7\u00f5es Mundial de Clubes da FIFA<\/strong><\/p>\n<h2>Jogos de 2028<\/h2>\n<p>A escalada paral\u00edmpica \u00e9 uma das novidades dos Jogos Paral\u00edmpicos de 2028, que ser\u00e3o disputados em Los Angeles (Estados Unidos). A modalidade foi oficialmente inclu\u00edda no programa da competi\u00e7\u00e3o em junho.<\/p>\n<\/div>\n<p><script async src=\"\/\/platform.twitter.com\/widgets.js\" charset=\"utf-8\"><\/script><\/p>\n","protected":false},"excerpt":{"rendered":"<p>O Brasil garantiu duas medalhas de bronze na etapa de Innsbruck (\u00c1ustria) da Copa do Mundo de escalada paral\u00edmpica, que<\/p>\n","protected":false},"author":1,"featured_media":0,"comment_status":"","ping_status":"","sticky":false,"template":"","format":"standard","meta":{"colormag_page_container_layout":"default_layout","colormag_page_sidebar_layout":"default_layout","footnotes":""},"categories":[1],"tags":[],"class_list":["post-54475","post","type-post","status-publish","format-standard","hentry","category-sem-categoria"],"_links":{"self":[{"href":"https:\/\/euvivoaselecao.com.br\/index.php\/wp-json\/wp\/v2\/posts\/54475","targetHints":{"allow":["GET"]}}],"collection":[{"href":"https:\/\/euvivoaselecao.com.br\/index.php\/wp-json\/wp\/v2\/posts"}],"about":[{"href":"https:\/\/euvivoaselecao.com.br\/index.php\/wp-json\/wp\/v2\/types\/post"}],"author":[{"embeddable":true,"href":"https:\/\/euvivoaselecao.com.br\/index.php\/wp-json\/wp\/v2\/users\/1"}],"replies":[{"embeddable":true,"href":"https:\/\/euvivoaselecao.com.br\/index.php\/wp-json\/wp\/v2\/comments?post=54475"}],"version-history":[{"count":0,"href":"https:\/\/euvivoaselecao.com.br\/index.php\/wp-json\/wp\/v2\/posts\/54475\/revisions"}],"wp:attachment":[{"href":"https:\/\/euvivoaselecao.com.br\/index.php\/wp-json\/wp\/v2\/media?parent=54475"}],"wp:term":[{"taxonomy":"category","embeddable":true,"href":"https:\/\/euvivoaselecao.com.br\/index.php\/wp-json\/wp\/v2\/categories?post=54475"},{"taxonomy":"post_tag","embeddable":true,"href":"https:\/\/euvivoaselecao.com.br\/index.php\/wp-json\/wp\/v2\/tags?post=54475"}],"curies":[{"name":"wp","href":"https:\/\/api.w.org\/{rel}","templated":true}]}}