{"id":54491,"date":"2025-06-28T03:16:13","date_gmt":"2025-06-28T06:16:13","guid":{"rendered":"https:\/\/euvivoaselecao.com.br\/index.php\/2025\/06\/28\/dolar-cai-para-r-548-na-contramao-do-mercado-externo\/"},"modified":"2025-06-28T03:16:13","modified_gmt":"2025-06-28T06:16:13","slug":"dolar-cai-para-r-548-na-contramao-do-mercado-externo","status":"publish","type":"post","link":"https:\/\/euvivoaselecao.com.br\/index.php\/2025\/06\/28\/dolar-cai-para-r-548-na-contramao-do-mercado-externo\/","title":{"rendered":"D\u00f3lar cai para R$ 5,48 na contram\u00e3o do mercado externo"},"content":{"rendered":"<p><\/p>\n<div wp_automatic_readability=\"61.744804253262\">\n<p>Em mais um dia de tranquilidade, o mercado financeiro no Brasil seguiu o sentido contr\u00e1rio ao do exterior. O d\u00f3lar voltou a cair e continuou abaixo de R$ 5,50, mesmo com o aumento das tens\u00f5es comerciais entre Estados Unidos e Canad\u00e1. A bolsa de valores teve pequeno recuo e voltou a ficar abaixo dos 137 mil pontos.<\/p>\n<p>O d\u00f3lar comercial encerrou esta sexta-feira (27) vendido a R$ 5,483, com queda de R$ 0,015 (0,28%). A cota\u00e7\u00e3o chegou a cair para R$ 5,46 na m\u00ednima do dia, pouco antes das 10h. No entanto, acelerou durante a tarde, ap\u00f3s o presidente Donald Trump anunciar a imposi\u00e7\u00e3o de tarifas aos produtos canadenses.<\/p>\n<p>Com o desempenho desta sexta-feira, a moeda norte-americana est\u00e1 no valor mais baixo desde o dia 16. A divisa caiu 0,28% na semana e 0,79% no m\u00eas. Este ano, o d\u00f3lar recua 11,26%.<\/p>\n<p><strong>PSOL pede para STF suspender decis\u00e3o que derrubou decreto do IOF\u00a0<\/strong><\/p>\n<p><strong>Racismo \u00e9 fator determinante na forma\u00e7\u00e3o da Cracol\u00e2ndia, diz relat\u00f3rio<\/strong><\/p>\n<p>O mercado de a\u00e7\u00f5es teve um dia mais tenso. O \u00edndice Ibovespa, da B3, fechou aos 136.866 pontos, com queda de 0,18%. A queda n\u00e3o foi maior porque a\u00e7\u00f5es de mineradoras valorizaram-se, impedindo perdas no indicador.<\/p>\n<p>Pela manh\u00e3, o d\u00f3lar chegou a cair globalmente ap\u00f3s a divulga\u00e7\u00e3o de dados que mostram a estabilidade da infla\u00e7\u00e3o nos Estados Unidos. O \u00edndice de pre\u00e7os ao consumidor ficou em 0,1% em maio, em linha com as previs\u00f5es. Isso aumentou as chances de o Federal Reserve (Fed, Banco Central norte-americano) reduzir os juros no in\u00edcio do segundo semestre.<\/p>\n<p>No entanto, a moeda norte-americana voltou a subir no mercado global, ap\u00f3s Trump radicalizar o discurso contra o Canad\u00e1. Perto do fechamento do mercado financeiro, o presidente norte-americano disse que encerrou as negocia\u00e7\u00f5es comerciais com o pa\u00eds vizinho, ap\u00f3s o Canad\u00e1 impor uma tarifa sobre produtos tecnol\u00f3gicos.<\/p>\n<p><em>* Com informa\u00e7\u00f5es da Reuters<\/em><\/p>\n<p><strong>IOF: Gilmar Mendes pede redistribui\u00e7\u00e3o da relatoria de a\u00e7\u00e3o do PSOL<\/strong><\/p>\n<p><strong>Arrai\u00e1 Brasil termina com Xand Avi\u00e3o, Natanzinho e Bruno &amp; Marrone<\/strong><\/p>\n<\/div>\n","protected":false},"excerpt":{"rendered":"<p>Em mais um dia de tranquilidade, o mercado financeiro no Brasil seguiu o sentido contr\u00e1rio ao do exterior. O d\u00f3lar<\/p>\n","protected":false},"author":2,"featured_media":0,"comment_status":"","ping_status":"","sticky":false,"template":"","format":"standard","meta":{"colormag_page_container_layout":"default_layout","colormag_page_sidebar_layout":"default_layout","footnotes":""},"categories":[],"tags":[],"class_list":["post-54491","post","type-post","status-publish","format-standard","hentry"],"_links":{"self":[{"href":"https:\/\/euvivoaselecao.com.br\/index.php\/wp-json\/wp\/v2\/posts\/54491","targetHints":{"allow":["GET"]}}],"collection":[{"href":"https:\/\/euvivoaselecao.com.br\/index.php\/wp-json\/wp\/v2\/posts"}],"about":[{"href":"https:\/\/euvivoaselecao.com.br\/index.php\/wp-json\/wp\/v2\/types\/post"}],"author":[{"embeddable":true,"href":"https:\/\/euvivoaselecao.com.br\/index.php\/wp-json\/wp\/v2\/users\/2"}],"replies":[{"embeddable":true,"href":"https:\/\/euvivoaselecao.com.br\/index.php\/wp-json\/wp\/v2\/comments?post=54491"}],"version-history":[{"count":0,"href":"https:\/\/euvivoaselecao.com.br\/index.php\/wp-json\/wp\/v2\/posts\/54491\/revisions"}],"wp:attachment":[{"href":"https:\/\/euvivoaselecao.com.br\/index.php\/wp-json\/wp\/v2\/media?parent=54491"}],"wp:term":[{"taxonomy":"category","embeddable":true,"href":"https:\/\/euvivoaselecao.com.br\/index.php\/wp-json\/wp\/v2\/categories?post=54491"},{"taxonomy":"post_tag","embeddable":true,"href":"https:\/\/euvivoaselecao.com.br\/index.php\/wp-json\/wp\/v2\/tags?post=54491"}],"curies":[{"name":"wp","href":"https:\/\/api.w.org\/{rel}","templated":true}]}}