{"id":54492,"date":"2025-06-28T03:52:02","date_gmt":"2025-06-28T06:52:02","guid":{"rendered":"https:\/\/euvivoaselecao.com.br\/index.php\/2025\/06\/28\/oficinas-de-qualificacao-promovidas-pela-central-do-trabalhador-da-ilha-ja-formaram-168-pessoas-prefeitura-da-cidade-do-rio-de-janeiro\/"},"modified":"2025-06-28T03:52:02","modified_gmt":"2025-06-28T06:52:02","slug":"oficinas-de-qualificacao-promovidas-pela-central-do-trabalhador-da-ilha-ja-formaram-168-pessoas-prefeitura-da-cidade-do-rio-de-janeiro","status":"publish","type":"post","link":"https:\/\/euvivoaselecao.com.br\/index.php\/2025\/06\/28\/oficinas-de-qualificacao-promovidas-pela-central-do-trabalhador-da-ilha-ja-formaram-168-pessoas-prefeitura-da-cidade-do-rio-de-janeiro\/","title":{"rendered":"Oficinas de qualifica\u00e7\u00e3o promovidas pela Central do Trabalhador da Ilha j\u00e1 formaram 168 pessoas &#8211; Prefeitura da Cidade do Rio de Janeiro"},"content":{"rendered":"<p><\/p>\n<div id=\"main\">\n<div class=\"wrapper-breadcrumbs\" wp_automatic_readability=\"38.925953350611\">\n<div class=\"image-post\" wp_automatic_readability=\"33\">\n                     O Capacita Ilha \u00e9 um programa com oficinas promovidas pela Central do Trabalhador da Ilha do Governador. Foto: Roberto Moreyra\/SMTE\n                  <\/div>\n<p>O Capacita Ilha \u2014 oficinas de qualifica\u00e7\u00e3o profissional promovidas pela Central do Trabalhador da Ilha do Governador em parceria com a Est\u00e1cio de S\u00e1 da Ilha do Governador \u2014 j\u00e1 formou 168 pessoas. E no s\u00e1bado, dia 28\/06, mais 65 alunos far\u00e3o, das 8h \u00e0s 12h, a oficina \u201cPrimeiros socorros e desengasgo e administra\u00e7\u00e3o de medicamentos e procedimentos injet\u00e1veis\u201d no campus da Est\u00e1cio Ilha, na Estrada do Gale\u00e3o 5.800.<\/p>\n<p>Os cursos s\u00e3o gratuitos, mas \u00e9 bom fazer com anteced\u00eancia a inscri\u00e7\u00e3o, pois as vagas s\u00e3o limitadas. Para se inscrever, basta levar carteira de identidade at\u00e9 a Central do Trabalhador na Ilha, na Estrada do Dend\u00ea, 2.080, no Moner\u00f3. Al\u00e9m da primeira oficina de \u201cAdministra\u00e7\u00e3o de empresas e compet\u00eancias emocionais na gest\u00e3o e no mercado de trabalho\u2019\u2019, em mar\u00e7o, os moradores da regi\u00e3o j\u00e1 fizeram \u201cCompliance e LGPD e gest\u00e3o escolar\u201d e \u201cNutri\u00e7\u00e3o esportiva e suplementa\u00e7\u00e3o e empreendedorismo na educa\u00e7\u00e3o f\u00edsica\u201d.<\/p>\n<blockquote wp_automatic_readability=\"16\">\n<p>\u2013 Como sou professor, sempre incentivei meus alunos a buscar a qualifica\u00e7\u00e3o. Ao expandir nossos conhecimentos, ampliamos tamb\u00e9m as chances de conquistar uma vaga no mercado de trabalho ou de ascender profissionalmente. Em julho, devido \u00e0s f\u00e9rias escolares, teremos um pequeno recesso, mas em agosto voltamos com a oficina \u201cGest\u00e3o empresarial e financeira, comunica\u00e7\u00e3o empresarial e linguagem assertiva n\u00e3o violenta\u201d -, explica Rafael Souza, diretor da Central do Trabalhador da Ilha do Governador.<\/p>\n<\/blockquote>\n<p>Al\u00e9m de oferecer cursos de qualifica\u00e7\u00e3o, a Central do Trabalhador da Ilha tamb\u00e9m cadastra curr\u00edculos e faz encaminhamento de profissionais em busca de vagas de emprego para empresas parceiras. Quem quiser se cadastrar, deve levar \u00e0 Central do Trabalhador identidade, CPF, carteira de trabalho, PIS e curr\u00edculo para os locais de atendimento. A Central do Trabalhador funciona de segunda-feira a sexta-feira, de 8h \u00e0s 16h.<\/p>\n<p>             <!-- Compartilhe ---><\/p>\n<p>\t\t\t <!-- TAGS --><\/p>\n<section class=\"category-tags\">\n<div class=\"marcacao-category\">\n<article class=\"category-post\">\n<p>Categoria: <\/p>\n<\/article>\n<li>27 de junho de 2025<\/li><\/div>\n<article class=\"tags\">\n\t\t\t\t\tMarca\u00e7\u00f5es: Capacita Ilha capacita\u00e7\u00e3o Central do Trabalho Cursos<br \/><\/article>\n<\/section>\n<p>            <!-- Mais Not&iacute;cias --><\/p>\n<p>\t\t<!-- Conte&uacute;do SIDEBAR --><\/p><\/div>\n<\/p><\/div>\n","protected":false},"excerpt":{"rendered":"<p>O Capacita Ilha \u00e9 um programa com oficinas promovidas pela Central do Trabalhador da Ilha do Governador. Foto: Roberto Moreyra\/SMTE<\/p>\n","protected":false},"author":1,"featured_media":0,"comment_status":"","ping_status":"","sticky":false,"template":"","format":"standard","meta":{"colormag_page_container_layout":"default_layout","colormag_page_sidebar_layout":"default_layout","footnotes":""},"categories":[1],"tags":[],"class_list":["post-54492","post","type-post","status-publish","format-standard","hentry","category-sem-categoria"],"_links":{"self":[{"href":"https:\/\/euvivoaselecao.com.br\/index.php\/wp-json\/wp\/v2\/posts\/54492","targetHints":{"allow":["GET"]}}],"collection":[{"href":"https:\/\/euvivoaselecao.com.br\/index.php\/wp-json\/wp\/v2\/posts"}],"about":[{"href":"https:\/\/euvivoaselecao.com.br\/index.php\/wp-json\/wp\/v2\/types\/post"}],"author":[{"embeddable":true,"href":"https:\/\/euvivoaselecao.com.br\/index.php\/wp-json\/wp\/v2\/users\/1"}],"replies":[{"embeddable":true,"href":"https:\/\/euvivoaselecao.com.br\/index.php\/wp-json\/wp\/v2\/comments?post=54492"}],"version-history":[{"count":0,"href":"https:\/\/euvivoaselecao.com.br\/index.php\/wp-json\/wp\/v2\/posts\/54492\/revisions"}],"wp:attachment":[{"href":"https:\/\/euvivoaselecao.com.br\/index.php\/wp-json\/wp\/v2\/media?parent=54492"}],"wp:term":[{"taxonomy":"category","embeddable":true,"href":"https:\/\/euvivoaselecao.com.br\/index.php\/wp-json\/wp\/v2\/categories?post=54492"},{"taxonomy":"post_tag","embeddable":true,"href":"https:\/\/euvivoaselecao.com.br\/index.php\/wp-json\/wp\/v2\/tags?post=54492"}],"curies":[{"name":"wp","href":"https:\/\/api.w.org\/{rel}","templated":true}]}}