{"id":54495,"date":"2025-06-28T04:44:35","date_gmt":"2025-06-28T07:44:35","guid":{"rendered":"https:\/\/euvivoaselecao.com.br\/index.php\/2025\/06\/28\/moraes-manda-prender-condenados-por-bomba-no-aeroporto-de-brasilia\/"},"modified":"2025-06-28T04:44:35","modified_gmt":"2025-06-28T07:44:35","slug":"moraes-manda-prender-condenados-por-bomba-no-aeroporto-de-brasilia","status":"publish","type":"post","link":"https:\/\/euvivoaselecao.com.br\/index.php\/2025\/06\/28\/moraes-manda-prender-condenados-por-bomba-no-aeroporto-de-brasilia\/","title":{"rendered":"Moraes manda prender condenados por bomba no aeroporto de Bras\u00edlia"},"content":{"rendered":"<p><\/p>\n<div wp_automatic_readability=\"53.502933212996\">\n<p>O ministro Alexandre de Moraes, do Supremo Tribunal Federal (STF), determinou a pris\u00e3o dos tr\u00eas homens condenados pela tentativa de explos\u00e3o de um caminh\u00e3o-tanque nos arredores do aeroporto de Bras\u00edlia, no dia 24 de dezembro de 2022, v\u00e9spera de Natal.\u00a0<\/p>\n<p><strong>Com a medida, os acusados George Washington de Oliveira, Alan Diego dos Santos Rodrigues e Wellington Macedo de Souza ficar\u00e3o presos preventivamente, ou seja, por tempo indeterminado.<\/strong>\u00a0<\/p>\n<p>A decis\u00e3o foi assinada na ter\u00e7a-feira (24), e os acusados devem passar por uma audi\u00eancia de cust\u00f3dia nos pr\u00f3ximos dias.<\/p>\n<p><strong>PSOL pede para STF suspender decis\u00e3o que derrubou decreto do IOF\u00a0<\/strong><\/p>\n<p><strong>Racismo \u00e9 fator determinante na forma\u00e7\u00e3o da Cracol\u00e2ndia, diz relat\u00f3rio<\/strong><\/p>\n<p>Os tr\u00eas acusados j\u00e1 foram condenados pela Justi\u00e7a do Distrito Federal. Em maio de 2023, a Justi\u00e7a apenou o empres\u00e1rio George Washington a nove anos e quatro meses de pris\u00e3o. Alan Diego foi condenado a cinco anos e quatro meses. \u00a0<strong>As condutas envolvem os crimes de explos\u00e3o, causar inc\u00eandio e posse arma de fogo sem autoriza\u00e7\u00e3o.<\/strong><\/p>\n<p><strong>Wellington Macedo foi condenado a seis anos de pris\u00e3o. Ele foi acusado de expor a integridade f\u00edsica da popula\u00e7\u00e3o mediante uso de explosivo. Todos j\u00e1 estavam no regime semiaberto.\u00a0<\/strong><\/p>\n<p><strong>Ao determinar a nova pris\u00e3o, Moraes entendeu que a tentativa de explos\u00e3o tem liga\u00e7\u00e3o com os atos golpistas de 8 de janeiro.<\/strong><\/p>\n<p>Al\u00e9m de terem sido condenados pela Justi\u00e7a da capital federal, os acusados j\u00e1 foram denunciados pela Procuradoria-Geral da Rep\u00fablica (PGR) ao Supremo pelos crimes de associa\u00e7\u00e3o criminosa armada, tentativa de aboli\u00e7\u00e3o violenta do Estado Democr\u00e1tico de Direito, \u00a0golpe de Estado e atentado contra a seguran\u00e7a de transporte a\u00e9reo.<\/p>\n<p><strong>IOF: Gilmar Mendes pede redistribui\u00e7\u00e3o da relatoria de a\u00e7\u00e3o do PSOL<\/strong><\/p>\n<p><strong>Arrai\u00e1 Brasil termina com Xand Avi\u00e3o, Natanzinho e Bruno &amp; Marrone<\/strong><\/p>\n<blockquote wp_automatic_readability=\"10\">\n<p>\u201cOs meios elegidos foram suficientes para caracterizar grave amea\u00e7a, por anunciar cat\u00e1strofe coletiva com recado persuasivo. Firmada essas premissas, h\u00e1 necessidade de acautelar a ordem p\u00fablica\u201d, decidiu o ministro.<\/p>\n<\/blockquote>\n<p>A <strong>Ag\u00eancia Brasil <\/strong>busca contato com a defesa dos acusados. O espa\u00e7o est\u00e1 aberto para manifesta\u00e7\u00e3o<\/p>\n<\/div>\n","protected":false},"excerpt":{"rendered":"<p>O ministro Alexandre de Moraes, do Supremo Tribunal Federal (STF), determinou a pris\u00e3o dos tr\u00eas homens condenados pela tentativa de<\/p>\n","protected":false},"author":2,"featured_media":0,"comment_status":"","ping_status":"","sticky":false,"template":"","format":"standard","meta":{"colormag_page_container_layout":"default_layout","colormag_page_sidebar_layout":"default_layout","footnotes":""},"categories":[],"tags":[],"class_list":["post-54495","post","type-post","status-publish","format-standard","hentry"],"_links":{"self":[{"href":"https:\/\/euvivoaselecao.com.br\/index.php\/wp-json\/wp\/v2\/posts\/54495","targetHints":{"allow":["GET"]}}],"collection":[{"href":"https:\/\/euvivoaselecao.com.br\/index.php\/wp-json\/wp\/v2\/posts"}],"about":[{"href":"https:\/\/euvivoaselecao.com.br\/index.php\/wp-json\/wp\/v2\/types\/post"}],"author":[{"embeddable":true,"href":"https:\/\/euvivoaselecao.com.br\/index.php\/wp-json\/wp\/v2\/users\/2"}],"replies":[{"embeddable":true,"href":"https:\/\/euvivoaselecao.com.br\/index.php\/wp-json\/wp\/v2\/comments?post=54495"}],"version-history":[{"count":0,"href":"https:\/\/euvivoaselecao.com.br\/index.php\/wp-json\/wp\/v2\/posts\/54495\/revisions"}],"wp:attachment":[{"href":"https:\/\/euvivoaselecao.com.br\/index.php\/wp-json\/wp\/v2\/media?parent=54495"}],"wp:term":[{"taxonomy":"category","embeddable":true,"href":"https:\/\/euvivoaselecao.com.br\/index.php\/wp-json\/wp\/v2\/categories?post=54495"},{"taxonomy":"post_tag","embeddable":true,"href":"https:\/\/euvivoaselecao.com.br\/index.php\/wp-json\/wp\/v2\/tags?post=54495"}],"curies":[{"name":"wp","href":"https:\/\/api.w.org\/{rel}","templated":true}]}}