{"id":54496,"date":"2025-06-28T04:45:35","date_gmt":"2025-06-28T07:45:35","guid":{"rendered":"https:\/\/euvivoaselecao.com.br\/index.php\/2025\/06\/28\/agencia-minas-gerais-evento-realizado-na-cidade-administrativa-marca-o-dia-da-posse-de-227-novos-agentes-de-seguranca-socioeducativos\/"},"modified":"2025-06-28T04:45:35","modified_gmt":"2025-06-28T07:45:35","slug":"agencia-minas-gerais-evento-realizado-na-cidade-administrativa-marca-o-dia-da-posse-de-227-novos-agentes-de-seguranca-socioeducativos","status":"publish","type":"post","link":"https:\/\/euvivoaselecao.com.br\/index.php\/2025\/06\/28\/agencia-minas-gerais-evento-realizado-na-cidade-administrativa-marca-o-dia-da-posse-de-227-novos-agentes-de-seguranca-socioeducativos\/","title":{"rendered":"Ag\u00eancia Minas Gerais | Evento realizado na Cidade Administrativa marca o dia da posse de 227 novos agentes de seguran\u00e7a socioeducativos"},"content":{"rendered":"<p><\/p>\n<div>\n<p>Os integrantes da turma de 227 aprovados no concurso p\u00fablico do Edital 01\/2022 para o cargo de\u00a0agente de seguran\u00e7a socioeducativo\u00a0que compareceram, nesta sexta-feira (27\/6), \u00e0 sede do Governo do Estado, tomaram posse ap\u00f3s participarem da solenidade de boas-vindas realizada pela\u00a0Secretaria de Estado de Justi\u00e7a e Seguran\u00e7a P\u00fablica (Sejusp), no Audit\u00f3rio JK da Cidade Administrativa.\u00a0Os convocados ausentes ainda t\u00eam at\u00e9 o dia 23\/7\u00a0para tomar posse.<\/p>\n<p>Os novos servidores empossados ser\u00e3o incorporados ao efetivo em atividade, composto por cerca de 1.200 agentes de seguran\u00e7a socioeducativos, se juntando a eles para garantir a seguran\u00e7a de adolescentes com medida de priva\u00e7\u00e3o de liberdade e tamb\u00e9m dos profissionais que atuam nesses estabelecimentos. Dever\u00e3o cuidar da integridade f\u00edsica, mental e emocional dos adolescentes em regime de interna\u00e7\u00e3o, interna\u00e7\u00e3o provis\u00f3ria e semiliberdade e assegurar o cumprimento das medidas socioeducativas, atuando como orientadores em seu processo de reinser\u00e7\u00e3o social.<\/p>\n<p>Impossibilitado de comparecer \u00e0 posse, devido a outros compromissos, o vice-governador Mateus Sim\u00f5es fez<b>\u00a0<\/b>quest\u00e3o de enviar um v\u00eddeo de boas-vindas aos novos agentes, onde destacou a import\u00e2ncia dos novatos para fortalecer ainda mais o sistema socioeducativo do estado. \u201c\u00c9 preciso interromper os ciclos de envolvimento dos adolescentes com a viol\u00eancia e com o crime, por meio da orienta\u00e7\u00e3o, para, assim, evitar sua reincid\u00eancia na pr\u00e1tica de delitos e, sobretudo, para promover sua ressocializa\u00e7\u00e3o\u201d, destacou na mensagem.<\/p>\n<p>O secret\u00e1rio adjunto de Estado de Justi\u00e7a e Seguran\u00e7a P\u00fablica, coronel Edgard Estevo, conduziu o evento, enumerando os avan\u00e7os do sistema socioeducativo e os investimentos feitos pelo governo estadual no setor. Ele parabenizou os novos agentes e destacou que cada dia de trabalho na seguran\u00e7a p\u00fablica n\u00e3o pode ser apenas mais um, mas sim o mais importante. \u00a0<\/p>\n<p>A subsecret\u00e1ria de Atendimento Socioeducativo, Giselle Cyrillo, por sua vez, fez uma breve apresenta\u00e7\u00e3o da estrutura do sistema socioeducativo. \u00a0Ela citou o papel fundamental exercido pelos agentes na responsabiliza\u00e7\u00e3o dos adolescentes, na garantia da seguran\u00e7a da sociedade e na constru\u00e7\u00e3o de valores de cidadania dentro da comunidade socioeducativa.<\/p>\n<p>O primeiro lugar feminino foi conquistado por Daiana Abrantes Pinheiro, de 23 anos, que mora em Belo Horizonte e trabalhar\u00e1 no Centro de Interna\u00e7\u00e3o Provis\u00f3ria Dom Bosco. Entre os homens, a primeira coloca\u00e7\u00e3o ficou com Paulo Henrique Silva Fonseca, 29 anos. Ele ir\u00e1 atuar no Centro Socioeducativo de Uberl\u00e2ndia. Os dois foram homenageados na cerim\u00f4nia. O Governo de Minas far\u00e1 novas nomea\u00e7\u00f5es dentro do per\u00edodo da validade do concurso, de acordo com as possibilidades fiscais.<\/p>\n<p>\u00a0<\/p>\n<p>\u00a0<\/p>\n<\/p><\/div>\n","protected":false},"excerpt":{"rendered":"<p>Os integrantes da turma de 227 aprovados no concurso p\u00fablico do Edital 01\/2022 para o cargo de\u00a0agente de seguran\u00e7a socioeducativo\u00a0que<\/p>\n","protected":false},"author":1,"featured_media":0,"comment_status":"","ping_status":"","sticky":false,"template":"","format":"standard","meta":{"colormag_page_container_layout":"default_layout","colormag_page_sidebar_layout":"default_layout","footnotes":""},"categories":[1],"tags":[],"class_list":["post-54496","post","type-post","status-publish","format-standard","hentry","category-sem-categoria"],"_links":{"self":[{"href":"https:\/\/euvivoaselecao.com.br\/index.php\/wp-json\/wp\/v2\/posts\/54496","targetHints":{"allow":["GET"]}}],"collection":[{"href":"https:\/\/euvivoaselecao.com.br\/index.php\/wp-json\/wp\/v2\/posts"}],"about":[{"href":"https:\/\/euvivoaselecao.com.br\/index.php\/wp-json\/wp\/v2\/types\/post"}],"author":[{"embeddable":true,"href":"https:\/\/euvivoaselecao.com.br\/index.php\/wp-json\/wp\/v2\/users\/1"}],"replies":[{"embeddable":true,"href":"https:\/\/euvivoaselecao.com.br\/index.php\/wp-json\/wp\/v2\/comments?post=54496"}],"version-history":[{"count":0,"href":"https:\/\/euvivoaselecao.com.br\/index.php\/wp-json\/wp\/v2\/posts\/54496\/revisions"}],"wp:attachment":[{"href":"https:\/\/euvivoaselecao.com.br\/index.php\/wp-json\/wp\/v2\/media?parent=54496"}],"wp:term":[{"taxonomy":"category","embeddable":true,"href":"https:\/\/euvivoaselecao.com.br\/index.php\/wp-json\/wp\/v2\/categories?post=54496"},{"taxonomy":"post_tag","embeddable":true,"href":"https:\/\/euvivoaselecao.com.br\/index.php\/wp-json\/wp\/v2\/tags?post=54496"}],"curies":[{"name":"wp","href":"https:\/\/api.w.org\/{rel}","templated":true}]}}