{"id":54513,"date":"2025-06-28T08:44:51","date_gmt":"2025-06-28T11:44:51","guid":{"rendered":"https:\/\/euvivoaselecao.com.br\/index.php\/2025\/06\/28\/agencia-minas-gerais-minas-gerais-lidera-ranking-latino-americano-de-acoes-climaticas-da-onu\/"},"modified":"2025-06-28T08:44:51","modified_gmt":"2025-06-28T11:44:51","slug":"agencia-minas-gerais-minas-gerais-lidera-ranking-latino-americano-de-acoes-climaticas-da-onu","status":"publish","type":"post","link":"https:\/\/euvivoaselecao.com.br\/index.php\/2025\/06\/28\/agencia-minas-gerais-minas-gerais-lidera-ranking-latino-americano-de-acoes-climaticas-da-onu\/","title":{"rendered":"Ag\u00eancia Minas Gerais | Minas Gerais lidera ranking latino-americano de a\u00e7\u00f5es clim\u00e1ticas da ONU"},"content":{"rendered":"<p><\/p>\n<div>\n<p>Minas Gerais foi reconhecido como um dos governos subnacionais mais engajados do mundo no combate \u00e0s mudan\u00e7as clim\u00e1ticas, segundo o ranking 2024 do CDP (Carbon Disclosure Project), principal plataforma global de reporte ambiental. A avalia\u00e7\u00e3o refor\u00e7a o papel estrat\u00e9gico do Estado na promo\u00e7\u00e3o de pol\u00edticas p\u00fablicas baseadas em dados e com foco na transpar\u00eancia e na a\u00e7\u00e3o clim\u00e1tica.<\/p>\n<p>O resultado marca a primeira vez em que o CDP reconhece publicamente o desempenho de governos subnacionais, como estados e regi\u00f5es, que desempenham papel fundamental para o cumprimento das metas do Acordo de Paris. Minas passa, assim, a integrar um seleto grupo de cerca de mil regi\u00f5es que reportam voluntariamente suas a\u00e7\u00f5es de mitiga\u00e7\u00e3o e adapta\u00e7\u00e3o.<\/p>\n<p>Segundo a Superintend\u00eancia de Qualidade Ambiental e Mudan\u00e7as Clim\u00e1ticas da Secretaria de Estado de Meio Ambiente e Desenvolvimento Sustent\u00e1vel (Semad), o desempenho \u00e9 fruto de iniciativas como o Plano Estadual de A\u00e7\u00e3o Clim\u00e1tica (PLAC-MG)\u00a0e a implanta\u00e7\u00e3o do sistema de Monitoramento, Reporte e Verifica\u00e7\u00e3o (MRV)\u00a0clim\u00e1tico.\u00a0\u201cEsse resultado mostra que Minas est\u00e1 assumindo a lideran\u00e7a na agenda clim\u00e1tica, com pol\u00edticas participativas e orientadas por dados\u201d, destaca a superintendente de Qualidade Ambiental e Mudan\u00e7as Clim\u00e1ticas da Semad, Renata Ara\u00fajo.<\/p>\n<p>A avalia\u00e7\u00e3o acontece no mesmo ano em que o Acordo de Paris completa 10 anos. Embora as metas das Contribui\u00e7\u00f5es Nacionalmente Determinadas (NDCs)\u00a0sejam definidas pelo Governo Federal, os estados s\u00e3o essenciais para sua execu\u00e7\u00e3o. \u201c\u00c9 nas a\u00e7\u00f5es locais que a transforma\u00e7\u00e3o realmente acontece\u201d, refor\u00e7a Renata.<\/p>\n<p><b>Metas e compromissos<\/b><\/p>\n<p>O PLAC-MG\u00a0define metas at\u00e9 2030 e 2050, incluindo:\u00a0zerar o desmatamento ilegal at\u00e9 2028;\u00a0garantir 100% de energia renov\u00e1vel em pr\u00e9dios p\u00fablicos at\u00e9 2050;\u00a0incluir 900 mil ve\u00edculos com combust\u00edveis alternativos na frota estadual;\u00a0implantar planos de mobilidade nas regi\u00f5es de Belo Horizonte e Vale do A\u00e7o;\u00a0consolidar a plataforma MRV para garantir transpar\u00eancia nas metas.<\/p>\n<p><b>Financiamento e inova\u00e7\u00e3o<\/b><\/p>\n<p>O Estado tamb\u00e9m avan\u00e7a em mecanismos de financiamento clim\u00e1tico subnacional, com destaque para a atua\u00e7\u00e3o do Banco de Desenvolvimento de Minas Gerais (BDMG), que oferece cr\u00e9dito para projetos sustent\u00e1veis, como energia limpa, saneamento e mobilidade urbana.<\/p>\n<p>Para o secret\u00e1rio adjunto de Meio Ambiente, Leonardo Rodrigues, a dimens\u00e3o e diversidade do estado \u2014 com mais de 850 munic\u00edpios \u2014 exigem governan\u00e7a multin\u00edvel. \u201cTraduzir metas nacionais em a\u00e7\u00f5es locais exige articula\u00e7\u00e3o entre os n\u00edveis federal, estadual e municipal\u201d, afirmou.<\/p>\n<p>Minas integra a Coaliz\u00e3o Under2, rede internacional de governos subnacionais que atuam pelo cumprimento do Acordo de Paris. O Estado tamb\u00e9m mant\u00e9m parcerias internacionais, como os projetos Clima na Pr\u00e1tica\u00a0e ClimAtiva, realizados com apoio do Governo Franc\u00eas, al\u00e9m de participar do programa nacional Adapta Cidades.\u00a0\u201cMinas adota uma postura proativa e inovadora na agenda clim\u00e1tica. O federalismo clim\u00e1tico n\u00e3o \u00e9 apenas governan\u00e7a, \u00e9 a base para transformar metas ambiciosas em resultados reais\u201d, concluiu Leonardo Rodrigues.<\/p>\n<\/p><\/div>\n","protected":false},"excerpt":{"rendered":"<p>Minas Gerais foi reconhecido como um dos governos subnacionais mais engajados do mundo no combate \u00e0s mudan\u00e7as clim\u00e1ticas, segundo o<\/p>\n","protected":false},"author":1,"featured_media":0,"comment_status":"","ping_status":"","sticky":false,"template":"","format":"standard","meta":{"colormag_page_container_layout":"default_layout","colormag_page_sidebar_layout":"default_layout","footnotes":""},"categories":[1],"tags":[],"class_list":["post-54513","post","type-post","status-publish","format-standard","hentry","category-sem-categoria"],"_links":{"self":[{"href":"https:\/\/euvivoaselecao.com.br\/index.php\/wp-json\/wp\/v2\/posts\/54513","targetHints":{"allow":["GET"]}}],"collection":[{"href":"https:\/\/euvivoaselecao.com.br\/index.php\/wp-json\/wp\/v2\/posts"}],"about":[{"href":"https:\/\/euvivoaselecao.com.br\/index.php\/wp-json\/wp\/v2\/types\/post"}],"author":[{"embeddable":true,"href":"https:\/\/euvivoaselecao.com.br\/index.php\/wp-json\/wp\/v2\/users\/1"}],"replies":[{"embeddable":true,"href":"https:\/\/euvivoaselecao.com.br\/index.php\/wp-json\/wp\/v2\/comments?post=54513"}],"version-history":[{"count":0,"href":"https:\/\/euvivoaselecao.com.br\/index.php\/wp-json\/wp\/v2\/posts\/54513\/revisions"}],"wp:attachment":[{"href":"https:\/\/euvivoaselecao.com.br\/index.php\/wp-json\/wp\/v2\/media?parent=54513"}],"wp:term":[{"taxonomy":"category","embeddable":true,"href":"https:\/\/euvivoaselecao.com.br\/index.php\/wp-json\/wp\/v2\/categories?post=54513"},{"taxonomy":"post_tag","embeddable":true,"href":"https:\/\/euvivoaselecao.com.br\/index.php\/wp-json\/wp\/v2\/tags?post=54513"}],"curies":[{"name":"wp","href":"https:\/\/api.w.org\/{rel}","templated":true}]}}