{"id":54514,"date":"2025-06-28T08:51:02","date_gmt":"2025-06-28T11:51:02","guid":{"rendered":"https:\/\/euvivoaselecao.com.br\/index.php\/2025\/06\/28\/agencia-minas-gerais-em-minas-gerais-medica-transplantada-reforca-importancia-da-doacao-de-orgaos\/"},"modified":"2025-06-28T08:51:02","modified_gmt":"2025-06-28T11:51:02","slug":"agencia-minas-gerais-em-minas-gerais-medica-transplantada-reforca-importancia-da-doacao-de-orgaos","status":"publish","type":"post","link":"https:\/\/euvivoaselecao.com.br\/index.php\/2025\/06\/28\/agencia-minas-gerais-em-minas-gerais-medica-transplantada-reforca-importancia-da-doacao-de-orgaos\/","title":{"rendered":"Ag\u00eancia Minas Gerais | Em Minas Gerais, m\u00e9dica transplantada refor\u00e7a import\u00e2ncia da doa\u00e7\u00e3o de \u00f3rg\u00e3os"},"content":{"rendered":"<p><\/p>\n<div>\n<p>Carolina Oliveira Santos sempre sonhou em salvar vidas. Formada em medicina em 2018, ela atendeu como plantonista, foi atuar no Sul do pa\u00eds, come\u00e7ou resid\u00eancia em urg\u00eancia e emerg\u00eancia. Mas a vida tinha outros planos: no \u00faltimo m\u00eas daquele ano, a m\u00e9dica come\u00e7ou a sentir sintomas estranhos. Ao procurar atendimento, um ultrassom revelou uma condi\u00e7\u00e3o grave: insufici\u00eancia card\u00edaca hipertr\u00f3fica, doen\u00e7a caracterizada por um aumento no ventr\u00edculo esquerdo.<\/p>\n<p>Apesar da gravidade, Carolina respondeu bem \u00e0s medica\u00e7\u00f5es nos primeiros anos. Manteve a rotina, trabalhou &#8211; at\u00e9 que uma gravidez trouxe \u00e0 tona uma piora repentina e intensa. \u201cNo quarto m\u00eas de gesta\u00e7\u00e3o, fiquei muito grave. A press\u00e3o ficou inaud\u00edvel, comecei a vomitar sem parar, sem conseguir me alimentar. Fui direto para a emerg\u00eancia\u201d, relembra.<\/p>\n<p>Carolina perdeu o beb\u00ea e viu seu cora\u00e7\u00e3o descompensar. As medica\u00e7\u00f5es j\u00e1 n\u00e3o eram suficientes. Ela, que j\u00e1 estava na espera pelo \u00f3rg\u00e3o, foi para o in\u00edcio da fila com a piora de seu quadro.<\/p>\n<p>O cora\u00e7\u00e3o chegou em maio de 2024 e, desde ent\u00e3o, Carolina tem um novo olhar sobre a vida. \u201cSe eu estou aqui hoje, \u00e9 porque algu\u00e9m disse \u2018sim\u2019. Um gesto de amor, de generosidade. Eu agrade\u00e7o todos os dias a essa fam\u00edlia\u201d, emociona-se.<\/p>\n<p>\u00a0<\/p>\n<figure class=\"image\" style=\"float:left\">&#13;<figcaption><sub><em>Omar Lopes Can\u00e7ado, diretor do MG Transplantes \/ Francis Campelo<\/em><\/sub><\/figcaption>&#13;<br \/>\n<\/figure>\n<p><strong>Avan\u00e7os e desafios na capta\u00e7\u00e3o<\/strong><\/p>\n<p>Segundo o diretor do MG Transplantes, Omar Lopes Can\u00e7ado, o cen\u00e1rio da doa\u00e7\u00e3o de \u00f3rg\u00e3os em Minas Gerais vem melhorando desde a pandemia, mas ainda h\u00e1 obst\u00e1culos a superar.<\/p>\n<p>\u201cJ\u00e1 captamos mais do que no per\u00edodo pr\u00e9-pand\u00eamico, mas ainda precisamos aumentar diante da demanda que temos\u201d, afirma.<\/p>\n<p>Hoje, cerca de 4,1 mil pessoas aguardam por um \u00f3rg\u00e3o no estado e mais de 4,4 mil esperam por uma c\u00f3rnea. Para melhorar esse quadro, o MG Transplantes tem atuado em m\u00faltiplas frentes, como campanhas de sensibiliza\u00e7\u00e3o, capacita\u00e7\u00e3o de profissionais de sa\u00fade &#8211; tanto no diagn\u00f3stico da morte encef\u00e1lica quanto na abordagem humanizada \u00e0s fam\u00edlias de poss\u00edveis doadores &#8211; e parcerias com cons\u00f3rcios de sa\u00fade para viabilizar a realiza\u00e7\u00e3o de exames complementares em locais onde esses recursos n\u00e3o est\u00e3o dispon\u00edveis.<\/p>\n<p>\u201cMinas \u00e9 um estado muito grande e diverso. Precisamos expandir o diagn\u00f3stico de morte encef\u00e1lica e aumentar a notifica\u00e7\u00e3o de potenciais doadores nos hospitais\u201d, explica Omar.<\/p>\n<p><strong>Conscientiza\u00e7\u00e3o<\/strong><\/p>\n<p>O diretor destaca ainda um dado: \u201cTemos dez vezes mais chance de precisar de um transplante do que de sermos doadores\u201d. Isso significa que, mesmo que o tema pare\u00e7a distante, qualquer pessoa pode um dia depender da solidariedade de outra para continuar vivendo.<\/p>\n<p>\u201cQuem est\u00e1 na fila n\u00e3o consegue mais ter uma vida normal. S\u00e3o pacientes que dependem de aparelhos e de medicamentos. Quando recebem o \u00f3rg\u00e3o, t\u00eam a chance de recome\u00e7ar: voltam a trabalhar, a viajar, a viver plenamente\u201d, completa Omar.<\/p>\n<p>Carolina segue em recupera\u00e7\u00e3o e, agora, com um novo prop\u00f3sito: falar sobre a import\u00e2ncia da doa\u00e7\u00e3o de \u00f3rg\u00e3os e ajudar a reduzir a fila de espera. \u201cA gente s\u00f3 entende o que \u00e9 isso quando est\u00e1 do outro lado. Por isso, eu fa\u00e7o quest\u00e3o de falar: converse com sua fam\u00edlia, diga que voc\u00ea quer ser doador. Uma conversa pode salvar muitas vidas\u201d, conclui.<\/p>\n<\/p><\/div>\n","protected":false},"excerpt":{"rendered":"<p>Carolina Oliveira Santos sempre sonhou em salvar vidas. Formada em medicina em 2018, ela atendeu como plantonista, foi atuar no<\/p>\n","protected":false},"author":1,"featured_media":0,"comment_status":"","ping_status":"","sticky":false,"template":"","format":"standard","meta":{"colormag_page_container_layout":"default_layout","colormag_page_sidebar_layout":"default_layout","footnotes":""},"categories":[1],"tags":[],"class_list":["post-54514","post","type-post","status-publish","format-standard","hentry","category-sem-categoria"],"_links":{"self":[{"href":"https:\/\/euvivoaselecao.com.br\/index.php\/wp-json\/wp\/v2\/posts\/54514","targetHints":{"allow":["GET"]}}],"collection":[{"href":"https:\/\/euvivoaselecao.com.br\/index.php\/wp-json\/wp\/v2\/posts"}],"about":[{"href":"https:\/\/euvivoaselecao.com.br\/index.php\/wp-json\/wp\/v2\/types\/post"}],"author":[{"embeddable":true,"href":"https:\/\/euvivoaselecao.com.br\/index.php\/wp-json\/wp\/v2\/users\/1"}],"replies":[{"embeddable":true,"href":"https:\/\/euvivoaselecao.com.br\/index.php\/wp-json\/wp\/v2\/comments?post=54514"}],"version-history":[{"count":0,"href":"https:\/\/euvivoaselecao.com.br\/index.php\/wp-json\/wp\/v2\/posts\/54514\/revisions"}],"wp:attachment":[{"href":"https:\/\/euvivoaselecao.com.br\/index.php\/wp-json\/wp\/v2\/media?parent=54514"}],"wp:term":[{"taxonomy":"category","embeddable":true,"href":"https:\/\/euvivoaselecao.com.br\/index.php\/wp-json\/wp\/v2\/categories?post=54514"},{"taxonomy":"post_tag","embeddable":true,"href":"https:\/\/euvivoaselecao.com.br\/index.php\/wp-json\/wp\/v2\/tags?post=54514"}],"curies":[{"name":"wp","href":"https:\/\/api.w.org\/{rel}","templated":true}]}}