{"id":54515,"date":"2025-06-28T09:08:18","date_gmt":"2025-06-28T12:08:18","guid":{"rendered":"https:\/\/euvivoaselecao.com.br\/index.php\/2025\/06\/28\/sem-censura-exibe-edicao-tematica-sobre-festas-juninas-nesta-sexta\/"},"modified":"2025-06-28T09:08:18","modified_gmt":"2025-06-28T12:08:18","slug":"sem-censura-exibe-edicao-tematica-sobre-festas-juninas-nesta-sexta","status":"publish","type":"post","link":"https:\/\/euvivoaselecao.com.br\/index.php\/2025\/06\/28\/sem-censura-exibe-edicao-tematica-sobre-festas-juninas-nesta-sexta\/","title":{"rendered":"Sem Censura exibe edi\u00e7\u00e3o tem\u00e1tica sobre festas juninas nesta sexta"},"content":{"rendered":"<p><\/p>\n<div wp_automatic_readability=\"112.67058823529\">\n<p>Para celebrar as festas juninas e conversar sobre as tradi\u00e7\u00f5es da cultura popular do pa\u00eds, o programa <em>Sem Censura <\/em>traz uma edi\u00e7\u00e3o tem\u00e1tica nesta sexta-feira (27), \u00e0s 16h, na <strong>TV Brasil<\/strong>, com m\u00fasicas t\u00edpicas que embalam um animado bate-papo na telinha.<\/p>\n<p>Em comemora\u00e7\u00e3o \u00e0 data, a apresentadora Cissa Guimar\u00e3es recebe convidados especiais para entrevistas na bancada. <strong>A conversa re\u00fane a cantora, atriz e multi-instrumentista Lucy Alves, a cantora e compositora Cei\u00e7a Moreno, o historiador Luiz Ant\u00f4nio Simas e o diretor da Feira de S\u00e3o Crist\u00f3v\u00e3o, Magno Queiroz.<\/strong><\/p>\n<p>A debatedora do dia \u00e9 a comediante Dad\u00e1 Coelho. A produ\u00e7\u00e3o vespertina da emissora p\u00fablica ainda conta com a participa\u00e7\u00e3o da cantora Natascha Falc\u00e3o e do cantor Marcelo Mimoso, al\u00e9m de instrumentistas da Quadrilha Nazar\u00e9 Show.<\/p>\n<p><strong>PSOL pede para STF suspender decis\u00e3o que derrubou decreto do IOF\u00a0<\/strong><\/p>\n<p><strong>Racismo \u00e9 fator determinante na forma\u00e7\u00e3o da Cracol\u00e2ndia, diz relat\u00f3rio<\/strong><\/p>\n<p>Os artistas se revezam no palco da atra\u00e7\u00e3o para interpretar repert\u00f3rio de cl\u00e1ssicos como <em>Olha pro C\u00e9u<\/em>, <em>A Vida de Viajante\u00a0<\/em>e<em> S\u00e3o Jo\u00e3o na Ro\u00e7a<\/em>, de Luiz Gonzaga, o Rei do Bai\u00e3o, entre outras obras. Lucy Alves ainda apresenta o sucesso autoral <em>Xaxado no Chiado<\/em>.<\/p>\n<h2>Origens dos festejos<\/h2>\n<p><strong>O especial do <em>Sem Censura <\/em>destaca as origens das festas juninas que ocorrem nos quatro cantos do pa\u00eds, mas envolvem principalmente a popula\u00e7\u00e3o do Nordeste. <\/strong>A celebra\u00e7\u00e3o chegou ao Brasil trazida pelos portugueses no per\u00edodo colonial. Os festejos combinam elementos crist\u00e3os com costumes locais, como as fogueiras, quadrilhas, comidas t\u00edpicas, prendas e simpatias.<\/p>\n<p>Na homenagem do canal p\u00fablico, para refletir sobre o tema, o programa faz uma imers\u00e3o nas curiosidades sobre os arraias. Especialista em cultura popular, o historiador, escritor e pesquisador Luiz Ant\u00f4nio Simas explica como essa combina\u00e7\u00e3o de refer\u00eancias diversas se concretizou nas ra\u00edzes da cultura nacional.<\/p>\n<h2>Cultura nordestina<\/h2>\n<p><strong>A bancada montada na TV Brasil valoriza os representantes da cultura nordestina. <\/strong>A paraibana Lucy Alves conquistou o cora\u00e7\u00e3o dos brasileiros cantando e tocando sua sanfona. Como atriz, ela tamb\u00e9m encanta em cena. Na conversa programada para o <em>Sem Censura<\/em>, a diva vai cantar e contar suas mem\u00f3rias das festas juninas.<\/p>\n<p><strong>IOF: Gilmar Mendes pede redistribui\u00e7\u00e3o da relatoria de a\u00e7\u00e3o do PSOL<\/strong><\/p>\n<p><strong>Arrai\u00e1 Brasil termina com Xand Avi\u00e3o, Natanzinho e Bruno &amp; Marrone<\/strong><\/p>\n<p>Cantora, compositora e sanfoneira, Cei\u00e7a Moreno nasceu no interior de Pernambuco e emociona o pa\u00eds com sua arte. Ela \u00e9 conterr\u00e2nea de Natascha Falc\u00e3o, tamb\u00e9m cantora e compositora, al\u00e9m de atriz. J\u00e1 o cantor Marcelo Mimoso, apesar de carioca, tem toda a fam\u00edlia paraibana. A debatedora do bate-papo tamb\u00e9m veio da Regi\u00e3o Nordeste. Natural no Piau\u00ed, Dad\u00e1 Coelho cativa com seu carisma e personalidade.<\/p>\n<p>A conversa ainda tem a presen\u00e7a de Magno Queiroz, diretor da comiss\u00e3o administrativa da Feira de S\u00e3o Crist\u00f3v\u00e3o, que funciona dentro do Centro Luiz Gonzaga de Tradi\u00e7\u00f5es Nordestinas. O espa\u00e7o mergulha na cultura, na gastronomia e nas refer\u00eancias da regi\u00e3o. O convidado revela a din\u00e2mica desse pedacinho do Nordeste no cora\u00e7\u00e3o do Rio de Janeiro.<\/p>\n<h2>Sobre o programa<\/h2>\n<p>Apresentado na telinha de segunda a sexta, \u00e0s 16h, o <em>Sem Censura<\/em> \u00e9 exibido simultaneamente pelo app TV Brasil Play e tamb\u00e9m pode ser acompanhado em tempo real no YouTube do canal. A atra\u00e7\u00e3o ainda est\u00e1 dispon\u00edvel em formato de <em>podcast<\/em> no Spotify.<\/p>\n<p>Com quadro fixo de debatedores que se revezam ao longo da semana, o <em>Sem Censura <\/em>recebe artistas e profissionais de diversas \u00e1reas para debater temas do momento que interessam \u00e0 sociedade. Nesta temporada, o programa da<strong> TV Brasil<\/strong> comemora 40 anos no ar.<\/p>\n<p>A interatividade est\u00e1 presente no programa com a <em>hashtag<\/em> #semcensura40anos nas redes sociais. O p\u00fablico tamb\u00e9m pode participar pelo WhatsApp (21) 99903-5329. Cissa Guimar\u00e3es l\u00ea e comenta as mensagens, enquanto os convidados respondem \u00e0s perguntas enviadas.<\/p>\n<h2>Servi\u00e7o<\/h2>\n<p>Sem Censura \u2013 segunda a sexta, \u00e0s 16h, na <strong>TV Brasil<\/strong><br \/>Sem Censura (reprise) \u2013 segunda a sexta, \u00e0s 23h30, na <strong>TV Brasil<\/strong><br \/>Sem Censura \u2013 Spotify \u2013 https:\/\/open.spotify.com\/show\/09O9CTA1nHctKJ2AdII0JZ\u00a0<\/p>\n<h2><strong>TV\u202fBrasil<\/strong> na internet e nas redes sociais<\/h2>\n<p><em>Site<\/em> \u2013\u00a0https:\/\/tvbrasil.ebc.com.br\u00a0<br \/>Facebook \u2013\u00a0https:\/\/www.facebook.com\/tvbrasil\u00a0<br \/>Twitter \u2013<a href=\"https:\/\/x.com\/TVBrasil\" target=\"_blank\">\u00a0https:\/\/twitter.com\/TVBrasil\u00a0<\/a><br \/>Instagram \u2013\u00a0https:\/\/www.instagram.com\/tvbrasil\u00a0<br \/>YouTube \u2013\u00a0https:\/\/www.youtube.com\/tvbrasil\u00a0<br \/>TikTok \u2013\u00a0https:\/\/www.tiktok.com\/@tvbrasil\u00a0<br \/>TV Brasil Play \u2013\u00a0http:\/\/tvbrasilplay.com.br<\/p>\n<\/div>\n<p><script async src=\"\/\/platform.twitter.com\/widgets.js\" charset=\"utf-8\"><\/script><script async src=\"\/\/www.instagram.com\/embed.js\"><\/script><script async src=\"\/\/www.tiktok.com\/embed.js\"><\/script><\/p>\n","protected":false},"excerpt":{"rendered":"<p>Para celebrar as festas juninas e conversar sobre as tradi\u00e7\u00f5es da cultura popular do pa\u00eds, o programa Sem Censura traz<\/p>\n","protected":false},"author":2,"featured_media":0,"comment_status":"","ping_status":"","sticky":false,"template":"","format":"standard","meta":{"colormag_page_container_layout":"default_layout","colormag_page_sidebar_layout":"default_layout","footnotes":""},"categories":[],"tags":[],"class_list":["post-54515","post","type-post","status-publish","format-standard","hentry"],"_links":{"self":[{"href":"https:\/\/euvivoaselecao.com.br\/index.php\/wp-json\/wp\/v2\/posts\/54515","targetHints":{"allow":["GET"]}}],"collection":[{"href":"https:\/\/euvivoaselecao.com.br\/index.php\/wp-json\/wp\/v2\/posts"}],"about":[{"href":"https:\/\/euvivoaselecao.com.br\/index.php\/wp-json\/wp\/v2\/types\/post"}],"author":[{"embeddable":true,"href":"https:\/\/euvivoaselecao.com.br\/index.php\/wp-json\/wp\/v2\/users\/2"}],"replies":[{"embeddable":true,"href":"https:\/\/euvivoaselecao.com.br\/index.php\/wp-json\/wp\/v2\/comments?post=54515"}],"version-history":[{"count":0,"href":"https:\/\/euvivoaselecao.com.br\/index.php\/wp-json\/wp\/v2\/posts\/54515\/revisions"}],"wp:attachment":[{"href":"https:\/\/euvivoaselecao.com.br\/index.php\/wp-json\/wp\/v2\/media?parent=54515"}],"wp:term":[{"taxonomy":"category","embeddable":true,"href":"https:\/\/euvivoaselecao.com.br\/index.php\/wp-json\/wp\/v2\/categories?post=54515"},{"taxonomy":"post_tag","embeddable":true,"href":"https:\/\/euvivoaselecao.com.br\/index.php\/wp-json\/wp\/v2\/tags?post=54515"}],"curies":[{"name":"wp","href":"https:\/\/api.w.org\/{rel}","templated":true}]}}