{"id":54516,"date":"2025-06-28T09:32:09","date_gmt":"2025-06-28T12:32:09","guid":{"rendered":"https:\/\/euvivoaselecao.com.br\/index.php\/2025\/06\/28\/a-12a-conferencia-municipal-de-assistencia-social-de-sorocaba-teve-a-sua-realizacao-adiada-para-os-dias-10-e-11-de-julho\/"},"modified":"2025-06-28T09:32:09","modified_gmt":"2025-06-28T12:32:09","slug":"a-12a-conferencia-municipal-de-assistencia-social-de-sorocaba-teve-a-sua-realizacao-adiada-para-os-dias-10-e-11-de-julho","status":"publish","type":"post","link":"https:\/\/euvivoaselecao.com.br\/index.php\/2025\/06\/28\/a-12a-conferencia-municipal-de-assistencia-social-de-sorocaba-teve-a-sua-realizacao-adiada-para-os-dias-10-e-11-de-julho\/","title":{"rendered":"A 12\u00aa Confer\u00eancia Municipal de Assist\u00eancia Social de Sorocaba teve a sua realiza\u00e7\u00e3o adiada para os dias 10 e 11 de julho"},"content":{"rendered":"<p><\/p>\n<div>\n<p align=\"justify\">\n<p align=\"justify\"><span style=\"color: #171717;\"><span style=\"font-family: Arial, sans-serif;\"><span style=\"font-size: medium;\">A <\/span><\/span><\/span><span style=\"color: #171717;\"><span style=\"font-family: Arial, sans-serif;\"><span style=\"font-size: medium;\">12\u00aa Confer\u00eancia Municipal de Assist\u00eancia Social, que <\/span><\/span><\/span><span style=\"color: #171717;\"><span style=\"font-family: Arial, sans-serif;\"><span style=\"font-size: medium;\">estava programada para acontecer na pr\u00f3xima segunda-feira (<\/span><\/span><\/span><span style=\"color: #171717;\"><span style=\"font-family: Arial, sans-serif;\"><span style=\"font-size: medium;\">30<\/span><\/span><\/span><span style=\"color: #171717;\"><span style=\"font-family: Arial, sans-serif;\"><span style=\"font-size: medium;\">) e ter\u00e7a-feira (1\u00ba), teve a data alterada para os pr\u00f3ximos dias 10 e 11 de julho. Os hor\u00e1rios e locais permanecem os mesmos: no dia 10 de julho, <\/span><\/span><\/span><span style=\"color: #171717;\"><span style=\"font-family: Arial, sans-serif;\"><span style=\"font-size: medium;\">das 18h \u00e0s 22h, no Instituto Humberto de Campos, e no dia 1<\/span><\/span><\/span><span style=\"color: #171717;\"><span style=\"font-family: Arial, sans-serif;\"><span style=\"font-size: medium;\">1<\/span><\/span><\/span><span style=\"color: #171717;\"><span style=\"font-family: Arial, sans-serif;\"><span style=\"font-size: medium;\"> de julho, das 8h \u00e0s 17h, na Universidade Paulista (Unip).<\/span><\/span><\/span><\/p>\n<p align=\"justify\"><span style=\"color: #171717;\"><span style=\"font-family: Arial, sans-serif;\"><span style=\"font-size: medium;\">A <\/span><\/span><\/span><span style=\"color: #171717;\"><span style=\"font-family: Arial, sans-serif;\"><span style=\"font-size: medium;\">realiza\u00e7\u00e3o \u00e9 da<\/span><\/span><\/span><span style=\"color: #171717;\"><span style=\"font-family: Arial, sans-serif;\"><span style=\"font-size: medium;\"> Prefeitura de Sorocaba, por meio da Secretaria da Cidadania (Secid), e<\/span><\/span><\/span><span style=\"color: #171717;\"><span style=\"font-family: Arial, sans-serif;\"><span style=\"font-size: medium;\">m parceria com<\/span><\/span><\/span><span style=\"color: #171717;\"><span style=\"font-family: Arial, sans-serif;\"><span style=\"font-size: medium;\"> o Conselho Municipal de Assist\u00eancia Social (CMAS). <\/span><\/span><\/span><span style=\"color: #171717;\"><span style=\"font-family: Arial, sans-serif;\"><span style=\"font-size: medium;\">Com o tema \u201c20 anos do Suas: constru\u00e7\u00e3o, prote\u00e7\u00e3o social e resist\u00eancia\u201d, a Confer\u00eancia Municipal tem como intuito mobilizar diferentes segmentos da sociedade para analisar e deliberar sobre a Pol\u00edtica Nacional de Assist\u00eancia Social e para o aperfei\u00e7oamento e fortalecimento do Sistema \u00danico de Assist\u00eancia Social (Suas).<\/span><\/span><\/span><\/p>\n<p align=\"justify\"><span style=\"color: #171717;\"><span style=\"font-family: Arial, sans-serif;\"><span style=\"font-size: medium;\">Para isso, ser\u00e3o tratados cinco eixos tem\u00e1ticos: Universaliza\u00e7\u00e3o do Suas: Acesso Integral com Equidade e Respeito \u00e0s Diversidades; Aperfei\u00e7oamento Cont\u00ednuo do Suas: Inova\u00e7\u00e3o, Gest\u00e3o Descentralizada e Valoriza\u00e7\u00e3o Profissional; Integra\u00e7\u00e3o de Benef\u00edcios e Servi\u00e7os Socioassistenciais: Fortalecendo a Prote\u00e7\u00e3o Social, Seguran\u00e7a de Renda e a Inclus\u00e3o Social no Sistema \u00danico de Assist\u00eancia Social (Suas); Gest\u00e3o Democr\u00e1tica, informa\u00e7\u00e3o no Suas e comunica\u00e7\u00e3o transparente: fortalecendo a participa\u00e7\u00e3o social no Suas; e Sustentabilidade Financeira e Equidade no Cofinanciamento do Suas.<\/span><\/span><\/span><\/p>\n<p align=\"justify\"><span style=\"color: #171717;\"><span style=\"font-family: Arial, sans-serif;\"><span style=\"font-size: medium;\">No dia 30 de junho ser\u00e1 realizada a solenidade de abertura, al\u00e9m de apresenta\u00e7\u00e3o cultural e palestra sobre a tem\u00e1tica. J\u00e1 no dia 1\u00ba de julho, os inscritos ser\u00e3o divididos em grupos, de acordo com o eixo escolhido no momento da inscri\u00e7\u00e3o. Dessas conversas sair\u00e3o propostas que ser\u00e3o apresentadas e votadas, al\u00e9m de eleitos os Delegados que representar\u00e3o Sorocaba na Confer\u00eancia Regional.<\/span><\/span><\/span><\/p>\n<p align=\"justify\"><span style=\"color: #171717;\"><span style=\"font-family: Arial, sans-serif;\"><span style=\"font-size: medium;\">O Instituto Humberto de Campos est\u00e1 localizado na Rua Rosa Maria de Oliveira, 377, Jardim Zulmira. A Unip fica na Avenida Independ\u00eancia, 210, no \u00c9den. Mais informa\u00e7\u00f5es sobre a 12\u00aa Confer\u00eancia Municipal de Assist\u00eancia Social podem ser obtidas de segunda a sexta-feira, das 8h \u00e0s 17h, pelo telefone: (15) 3212-6900 ou pelo e-mail: cmas.sorocaba@gmail.com.<\/span><\/span><\/span><\/p>\n<\/p><\/div>\n","protected":false},"excerpt":{"rendered":"<p>A 12\u00aa Confer\u00eancia Municipal de Assist\u00eancia Social, que estava programada para acontecer na pr\u00f3xima segunda-feira (30) e ter\u00e7a-feira (1\u00ba), teve<\/p>\n","protected":false},"author":1,"featured_media":0,"comment_status":"","ping_status":"","sticky":false,"template":"","format":"standard","meta":{"colormag_page_container_layout":"default_layout","colormag_page_sidebar_layout":"default_layout","footnotes":""},"categories":[1],"tags":[],"class_list":["post-54516","post","type-post","status-publish","format-standard","hentry","category-sem-categoria"],"_links":{"self":[{"href":"https:\/\/euvivoaselecao.com.br\/index.php\/wp-json\/wp\/v2\/posts\/54516","targetHints":{"allow":["GET"]}}],"collection":[{"href":"https:\/\/euvivoaselecao.com.br\/index.php\/wp-json\/wp\/v2\/posts"}],"about":[{"href":"https:\/\/euvivoaselecao.com.br\/index.php\/wp-json\/wp\/v2\/types\/post"}],"author":[{"embeddable":true,"href":"https:\/\/euvivoaselecao.com.br\/index.php\/wp-json\/wp\/v2\/users\/1"}],"replies":[{"embeddable":true,"href":"https:\/\/euvivoaselecao.com.br\/index.php\/wp-json\/wp\/v2\/comments?post=54516"}],"version-history":[{"count":0,"href":"https:\/\/euvivoaselecao.com.br\/index.php\/wp-json\/wp\/v2\/posts\/54516\/revisions"}],"wp:attachment":[{"href":"https:\/\/euvivoaselecao.com.br\/index.php\/wp-json\/wp\/v2\/media?parent=54516"}],"wp:term":[{"taxonomy":"category","embeddable":true,"href":"https:\/\/euvivoaselecao.com.br\/index.php\/wp-json\/wp\/v2\/categories?post=54516"},{"taxonomy":"post_tag","embeddable":true,"href":"https:\/\/euvivoaselecao.com.br\/index.php\/wp-json\/wp\/v2\/tags?post=54516"}],"curies":[{"name":"wp","href":"https:\/\/api.w.org\/{rel}","templated":true}]}}