{"id":54543,"date":"2025-06-28T16:52:13","date_gmt":"2025-06-28T19:52:13","guid":{"rendered":"https:\/\/euvivoaselecao.com.br\/index.php\/2025\/06\/28\/prefeitura-leva-esporte-vacinacao-e-atividades-de-lazer-para-a-praca-do-anil-prefeitura-da-cidade-do-rio-de-janeiro\/"},"modified":"2025-06-28T16:52:13","modified_gmt":"2025-06-28T19:52:13","slug":"prefeitura-leva-esporte-vacinacao-e-atividades-de-lazer-para-a-praca-do-anil-prefeitura-da-cidade-do-rio-de-janeiro","status":"publish","type":"post","link":"https:\/\/euvivoaselecao.com.br\/index.php\/2025\/06\/28\/prefeitura-leva-esporte-vacinacao-e-atividades-de-lazer-para-a-praca-do-anil-prefeitura-da-cidade-do-rio-de-janeiro\/","title":{"rendered":"Prefeitura leva esporte, vacina\u00e7\u00e3o e atividades de lazer para a Pra\u00e7a do Anil &#8211; Prefeitura da Cidade do Rio de Janeiro"},"content":{"rendered":"<p><\/p>\n<div id=\"main\">\n<div class=\"wrapper-breadcrumbs\" wp_automatic_readability=\"32.620175438596\">\n<div class=\"image-post\" wp_automatic_readability=\"32\">\n                     A a\u00e7\u00e3o social ofereceu vacina\u00e7\u00e3o contra a gripe aos moradores &#8211; Divulga\u00e7\u00e3o                  <\/div>\n<p>A Pra\u00e7a da Vila Carioca, no Anil, amanheceu diferente neste s\u00e1bado (28\/6). A Subprefeitura de Jacarepagu\u00e1 lan\u00e7ou o projeto Pra\u00e7a Viva, que leva servi\u00e7os que contribuem para a qualidade de vida dos cidad\u00e3os da regi\u00e3o. Al\u00e9m de atividades esportivas e culturais, a a\u00e7\u00e3o social tamb\u00e9m ofereceu vacina\u00e7\u00e3o contra a gripe, aferi\u00e7\u00e3o de press\u00e3o, glicose, orienta\u00e7\u00e3o nutricional e massoterapia.<\/p>\n<p>Durante toda a manh\u00e3, cerca de 500 pessoas passaram pela a\u00e7\u00e3o e aproveitaram as aulas de dan\u00e7a e alongamento oferecidas pela Conselho Regional de Educa\u00e7\u00e3o F\u00edsica. J\u00e1 a conta\u00e7\u00e3o de hist\u00f3rias e a recrea\u00e7\u00e3o infantil ficou a cargo do BiblioSesc, um projeto de biblioteca volante do Sesc-RJ que estimula a leitura em \u00e1reas perif\u00e9ricas em todo o Estado.<\/p>\n<blockquote wp_automatic_readability=\"15\">\n<p>\u2013 O objetivo \u00e9 ocupar as pra\u00e7as. \u00c9 levar divers\u00e3o, cultura e sa\u00fade para a porta das pessoas. A gente tem tanto espa\u00e7o legal em Jacarepagu\u00e1 que fica vazio, que \u00e9 pouco usado pelo morador. A subprefeitura identifica esses espa\u00e7os, aciona os \u00f3rg\u00e3os para executar os servi\u00e7os de limpeza, poda ou manuten\u00e7\u00e3o, se necess\u00e1rio, e ocupa a pra\u00e7a com a a\u00e7\u00e3o \u2014 afirmou o subprefeito de Jacarepagu\u00e1, Igor Augusto.<\/p>\n<\/blockquote>\n<p>Mais de 150 pessoas se beneficiaram dos servi\u00e7os de sa\u00fade oferecidos pelas equipes da Cl\u00ednica da Fam\u00edlia B\u00e1rbara Mosley e da Universidade Est\u00e1cio de S\u00e1, da Taquara.<\/p>\n<p>Para o subprefeito, o projeto, al\u00e9m de movimentar as pra\u00e7as da regi\u00e3o, vai dar oportunidade dos moradores daquela localidade aproveitarem os servi\u00e7os oferecidos sem precisarem se deslocar.<\/p>\n<p>             <!-- Compartilhe ---><\/p>\n<p>\t\t\t <!-- TAGS --><\/p>\n<section class=\"category-tags\">\n<div class=\"marcacao-category\">\n<article class=\"category-post\">\n<p>Categoria: <\/p>\n<\/article>\n<li>28 de junho de 2025<\/li><\/div>\n<article class=\"tags\">\n\t\t\t\t\tMarca\u00e7\u00f5es: atividades de lazer Pra\u00e7a do Anil Prefeitura do Rio Projeto Pra\u00e7a Viva vacina\u00e7\u00e3o<br \/><\/article>\n<\/section>\n<p>            <!-- Mais Not&iacute;cias --><\/p>\n<p>\t\t<!-- Conte&uacute;do SIDEBAR --><\/p><\/div>\n<\/p><\/div>\n","protected":false},"excerpt":{"rendered":"<p>A a\u00e7\u00e3o social ofereceu vacina\u00e7\u00e3o contra a gripe aos moradores &#8211; Divulga\u00e7\u00e3o A Pra\u00e7a da Vila Carioca, no Anil, amanheceu<\/p>\n","protected":false},"author":1,"featured_media":0,"comment_status":"","ping_status":"","sticky":false,"template":"","format":"standard","meta":{"colormag_page_container_layout":"default_layout","colormag_page_sidebar_layout":"default_layout","footnotes":""},"categories":[1],"tags":[],"class_list":["post-54543","post","type-post","status-publish","format-standard","hentry","category-sem-categoria"],"_links":{"self":[{"href":"https:\/\/euvivoaselecao.com.br\/index.php\/wp-json\/wp\/v2\/posts\/54543","targetHints":{"allow":["GET"]}}],"collection":[{"href":"https:\/\/euvivoaselecao.com.br\/index.php\/wp-json\/wp\/v2\/posts"}],"about":[{"href":"https:\/\/euvivoaselecao.com.br\/index.php\/wp-json\/wp\/v2\/types\/post"}],"author":[{"embeddable":true,"href":"https:\/\/euvivoaselecao.com.br\/index.php\/wp-json\/wp\/v2\/users\/1"}],"replies":[{"embeddable":true,"href":"https:\/\/euvivoaselecao.com.br\/index.php\/wp-json\/wp\/v2\/comments?post=54543"}],"version-history":[{"count":0,"href":"https:\/\/euvivoaselecao.com.br\/index.php\/wp-json\/wp\/v2\/posts\/54543\/revisions"}],"wp:attachment":[{"href":"https:\/\/euvivoaselecao.com.br\/index.php\/wp-json\/wp\/v2\/media?parent=54543"}],"wp:term":[{"taxonomy":"category","embeddable":true,"href":"https:\/\/euvivoaselecao.com.br\/index.php\/wp-json\/wp\/v2\/categories?post=54543"},{"taxonomy":"post_tag","embeddable":true,"href":"https:\/\/euvivoaselecao.com.br\/index.php\/wp-json\/wp\/v2\/tags?post=54543"}],"curies":[{"name":"wp","href":"https:\/\/api.w.org\/{rel}","templated":true}]}}