{"id":54577,"date":"2025-06-28T23:22:13","date_gmt":"2025-06-29T02:22:13","guid":{"rendered":"https:\/\/euvivoaselecao.com.br\/index.php\/2025\/06\/28\/futsal-base-vasco-avanca-a-semifinal-do-carioca-no-sub-11-e-no-sub-13-e-encaminha-classificacao-no-sub-17\/"},"modified":"2025-06-28T23:22:13","modified_gmt":"2025-06-29T02:22:13","slug":"futsal-base-vasco-avanca-a-semifinal-do-carioca-no-sub-11-e-no-sub-13-e-encaminha-classificacao-no-sub-17","status":"publish","type":"post","link":"https:\/\/euvivoaselecao.com.br\/index.php\/2025\/06\/28\/futsal-base-vasco-avanca-a-semifinal-do-carioca-no-sub-11-e-no-sub-13-e-encaminha-classificacao-no-sub-17\/","title":{"rendered":"Futsal Base: Vasco avan\u00e7a \u00e0 semifinal do Carioca no Sub-11 e no Sub-13 e encaminha classifica\u00e7\u00e3o no Sub-17"},"content":{"rendered":"<p><\/p>\n<div>\n<div>\n<p>Futsal Base: Vasco avan\u00e7a \u00e0 semifinal do Carioca no Sub-11 e no Sub-13 e encaminha classifica\u00e7\u00e3o no Sub-17<\/p>\n<p>S\u00e1bado, 28\/06\/2025  \u2013 22:43<\/p>\n<div class=\"corpo\">O Futsal de base do Vasco foi \u00e0 quadra em 3 categorias neste s\u00e1bado. Veja os resultados.<\/p>\n<p>Sub-11 \u2013 Carioca\/Quartas\n<\/p>\n<p>21\/06 \u2013 Ida \u2013 Corr\u00eaas 6 x 3 Vasco<\/p>\n<p>28\/06 \u2013 Volta \u2013 Vasco 6 x 2 Corr\u00eaas \u2013 Vasco classificado para a semifinal\n<\/p>\n<p>Sub-13 \u2013 Carioca\/Quartas\n<\/p>\n<p>21\/06 \u2013 Ida \u2013 Inst. Mangueira do Futuro 1 x 10 Vasco<\/p>\n<p>28\/06 \u2013 Volta \u2013 Vasco 8 x 1 Inst. Mangueira do Futuro \u2013 Vasco classificado para a semifinal\n<\/p>\n<p>Sub-17 \u2013 Carioca\/Quartas\n<\/p>\n<p>28\/06 \u2013 Ida \u2013 Team Sports 3 x 4 Vasco<\/p>\n<p>30\/06 \u2013 Volta \u2013 Vasco x Team Sports \u2013 20h\/S\u00e3o Janu\u00e1rio \u2013 Empate classifica o Vasco\n<\/p>\n<p>Fonte: NETVASCO<\/p>\n<\/div>\n<\/div>\n<p><!-- CONTENT END 2 -->\n<\/div>\n<p><script async defer crossorigin=\"anonymous\" src=\"https:\/\/connect.facebook.net\/pt_BR\/sdk.js#xfbml=1&amp;version=v12.0&amp;appId=114327694422&amp;autoLogAppEvents=1\" nonce=\"4kp7RAsD\"><\/script><\/p>\n","protected":false},"excerpt":{"rendered":"<p>Futsal Base: Vasco avan\u00e7a \u00e0 semifinal do Carioca no Sub-11 e no Sub-13 e encaminha classifica\u00e7\u00e3o no Sub-17 S\u00e1bado, 28\/06\/2025<\/p>\n","protected":false},"author":1,"featured_media":0,"comment_status":"","ping_status":"","sticky":false,"template":"","format":"standard","meta":{"colormag_page_container_layout":"default_layout","colormag_page_sidebar_layout":"default_layout","footnotes":""},"categories":[1],"tags":[],"class_list":["post-54577","post","type-post","status-publish","format-standard","hentry","category-sem-categoria"],"_links":{"self":[{"href":"https:\/\/euvivoaselecao.com.br\/index.php\/wp-json\/wp\/v2\/posts\/54577","targetHints":{"allow":["GET"]}}],"collection":[{"href":"https:\/\/euvivoaselecao.com.br\/index.php\/wp-json\/wp\/v2\/posts"}],"about":[{"href":"https:\/\/euvivoaselecao.com.br\/index.php\/wp-json\/wp\/v2\/types\/post"}],"author":[{"embeddable":true,"href":"https:\/\/euvivoaselecao.com.br\/index.php\/wp-json\/wp\/v2\/users\/1"}],"replies":[{"embeddable":true,"href":"https:\/\/euvivoaselecao.com.br\/index.php\/wp-json\/wp\/v2\/comments?post=54577"}],"version-history":[{"count":0,"href":"https:\/\/euvivoaselecao.com.br\/index.php\/wp-json\/wp\/v2\/posts\/54577\/revisions"}],"wp:attachment":[{"href":"https:\/\/euvivoaselecao.com.br\/index.php\/wp-json\/wp\/v2\/media?parent=54577"}],"wp:term":[{"taxonomy":"category","embeddable":true,"href":"https:\/\/euvivoaselecao.com.br\/index.php\/wp-json\/wp\/v2\/categories?post=54577"},{"taxonomy":"post_tag","embeddable":true,"href":"https:\/\/euvivoaselecao.com.br\/index.php\/wp-json\/wp\/v2\/tags?post=54577"}],"curies":[{"name":"wp","href":"https:\/\/api.w.org\/{rel}","templated":true}]}}