{"id":54582,"date":"2025-06-29T00:42:08","date_gmt":"2025-06-29T03:42:08","guid":{"rendered":"https:\/\/euvivoaselecao.com.br\/index.php\/2025\/06\/29\/agencia-minas-gerais-secretaria-de-planejamento-discute-gestao-de-transito-e-controle-de-velocidade-em-painel-internacional\/"},"modified":"2025-06-29T00:42:08","modified_gmt":"2025-06-29T03:42:08","slug":"agencia-minas-gerais-secretaria-de-planejamento-discute-gestao-de-transito-e-controle-de-velocidade-em-painel-internacional","status":"publish","type":"post","link":"https:\/\/euvivoaselecao.com.br\/index.php\/2025\/06\/29\/agencia-minas-gerais-secretaria-de-planejamento-discute-gestao-de-transito-e-controle-de-velocidade-em-painel-internacional\/","title":{"rendered":"Ag\u00eancia Minas Gerais | Secretaria de Planejamento discute gest\u00e3o de tr\u00e2nsito e controle de velocidade em painel internacional"},"content":{"rendered":"<p><\/p>\n<div>\n<p>O Governo de Minas promoveu, nessa quinta-feira (26\/6), em Belo Horizonte, o Painel Internacional de Gest\u00e3o de Tr\u00e2nsito e Controle de Velocidade. A iniciativa da Coordenadoria Estadual de Gest\u00e3o de Tr\u00e2nsito (CET-MG), da Secretaria de Estado de Planejamento e Gest\u00e3o (Seplag-MG), foi realizada em parceria com o Batalh\u00e3o de Pol\u00edcia Militar Rodovi\u00e1ria (BPMRv).<\/p>\n<p>O evento reuniu gestores p\u00fablicos, especialistas e autoridades para compartilhar experi\u00eancias e discutir estrat\u00e9gias para a redu\u00e7\u00e3o de acidentes de tr\u00e2nsito, em alinhamento com o Plano Nacional de Redu\u00e7\u00e3o de Mortes e Les\u00f5es no Tr\u00e2nsito (Pnatrans), que estabelece metas at\u00e9 2030.<\/p>\n<p>Durante a abertura, o assessor de Integra\u00e7\u00e3o e Opera\u00e7\u00f5es de Tr\u00e2nsito da CET-MG, Bruno Raslan, destacou a import\u00e2ncia da coopera\u00e7\u00e3o internacional e da moderniza\u00e7\u00e3o da gest\u00e3o p\u00fablica para enfrentar os desafios da mobilidade. \u201cEventos como esse refor\u00e7am o compromisso do Estado em buscar solu\u00e7\u00f5es inovadoras para tornar o tr\u00e2nsito mais seguro e salvar vidas\u201d, afirmou.<\/p>\n<p>Um dos palestrantes convidados foi chefe provincial de Tr\u00e2nsito em Zaragoza, na Espanha, Jos\u00e9 Antonio M\u00e9rida Fern\u00e1ndez. O pa\u00eds \u00e9 reconhecido por medidas eficazes de seguran\u00e7a vi\u00e1ria, como redu\u00e7\u00e3o de velocidade em \u00e1reas urbanas, fiscaliza\u00e7\u00e3o eletr\u00f4nica e campanhas educativas. Segundo ele, o excesso de velocidade continua sendo o principal problema nas rodovias, e uma redu\u00e7\u00e3o de apenas 1 km\/h na velocidade m\u00e9dia pode ter impacto significativo na diminui\u00e7\u00e3o de v\u00edtimas, conforme estimativa do Conselho Europeu de Seguran\u00e7a nos Transportes (ETSC).<\/p>\n<p>O tenente Andr\u00e9 Muniz, do BPMRv, apresentou os resultados positivos das a\u00e7\u00f5es de monitoramento eletr\u00f4nico em Minas Gerais e ressaltou o impacto do movimento Maio Amarelo na conscientiza\u00e7\u00e3o da popula\u00e7\u00e3o. \u201cA fiscaliza\u00e7\u00e3o eletr\u00f4nica tem se mostrado uma ferramenta eficiente para salvar vidas, principalmente em Belo Horizonte, onde o n\u00famero de ve\u00edculos j\u00e1 supera o de pessoas circulando\u201d, observou.<\/p>\n<p>Na sequ\u00eancia, o policial rodovi\u00e1rio federal Arlan Pinheiro abordou dados e fatores de risco no tr\u00e2nsito, como o excesso de velocidade e o desrespeito \u00e0s normas, apontando que o acidente de tr\u00e2nsito \u00e9 um fen\u00f4meno complexo que envolve vias, ve\u00edculos e comportamento humano. Dados da base DataSUS revelam uma m\u00e9dia preocupante de 93 mortes por m\u00eas no estado em 2023, refor\u00e7ando a necessidade de a\u00e7\u00f5es permanentes.<\/p>\n<p>Bruno Raslan concluiu destacando a import\u00e2ncia do monitoramento da velocidade m\u00e9dia como ferramenta estrat\u00e9gica para identificar trechos cr\u00edticos e orientar fiscaliza\u00e7\u00f5es de forma mais eficaz.<\/p>\n<p>O painel refor\u00e7ou o compromisso do Governo de Minas com a coopera\u00e7\u00e3o interinstitucional, a moderniza\u00e7\u00e3o da gest\u00e3o de tr\u00e2nsito e a ado\u00e7\u00e3o de pr\u00e1ticas alinhadas \u00e0s diretrizes da ONU e da Senatran, em busca de uma mobilidade mais segura, eficiente e humana para toda a popula\u00e7\u00e3o mineira.<\/p>\n<\/p><\/div>\n","protected":false},"excerpt":{"rendered":"<p>O Governo de Minas promoveu, nessa quinta-feira (26\/6), em Belo Horizonte, o Painel Internacional de Gest\u00e3o de Tr\u00e2nsito e Controle<\/p>\n","protected":false},"author":1,"featured_media":0,"comment_status":"","ping_status":"","sticky":false,"template":"","format":"standard","meta":{"colormag_page_container_layout":"default_layout","colormag_page_sidebar_layout":"default_layout","footnotes":""},"categories":[1],"tags":[],"class_list":["post-54582","post","type-post","status-publish","format-standard","hentry","category-sem-categoria"],"_links":{"self":[{"href":"https:\/\/euvivoaselecao.com.br\/index.php\/wp-json\/wp\/v2\/posts\/54582","targetHints":{"allow":["GET"]}}],"collection":[{"href":"https:\/\/euvivoaselecao.com.br\/index.php\/wp-json\/wp\/v2\/posts"}],"about":[{"href":"https:\/\/euvivoaselecao.com.br\/index.php\/wp-json\/wp\/v2\/types\/post"}],"author":[{"embeddable":true,"href":"https:\/\/euvivoaselecao.com.br\/index.php\/wp-json\/wp\/v2\/users\/1"}],"replies":[{"embeddable":true,"href":"https:\/\/euvivoaselecao.com.br\/index.php\/wp-json\/wp\/v2\/comments?post=54582"}],"version-history":[{"count":0,"href":"https:\/\/euvivoaselecao.com.br\/index.php\/wp-json\/wp\/v2\/posts\/54582\/revisions"}],"wp:attachment":[{"href":"https:\/\/euvivoaselecao.com.br\/index.php\/wp-json\/wp\/v2\/media?parent=54582"}],"wp:term":[{"taxonomy":"category","embeddable":true,"href":"https:\/\/euvivoaselecao.com.br\/index.php\/wp-json\/wp\/v2\/categories?post=54582"},{"taxonomy":"post_tag","embeddable":true,"href":"https:\/\/euvivoaselecao.com.br\/index.php\/wp-json\/wp\/v2\/tags?post=54582"}],"curies":[{"name":"wp","href":"https:\/\/api.w.org\/{rel}","templated":true}]}}