{"id":54583,"date":"2025-06-29T00:46:07","date_gmt":"2025-06-29T03:46:07","guid":{"rendered":"https:\/\/euvivoaselecao.com.br\/index.php\/2025\/06\/29\/sub-16-treinador-luan-moreira-projeta-a-decisao-da-copa-rio-neste-domingo-contra-o-urubu\/"},"modified":"2025-06-29T00:46:07","modified_gmt":"2025-06-29T03:46:07","slug":"sub-16-treinador-luan-moreira-projeta-a-decisao-da-copa-rio-neste-domingo-contra-o-urubu","status":"publish","type":"post","link":"https:\/\/euvivoaselecao.com.br\/index.php\/2025\/06\/29\/sub-16-treinador-luan-moreira-projeta-a-decisao-da-copa-rio-neste-domingo-contra-o-urubu\/","title":{"rendered":"Sub-16: Treinador Luan Moreira projeta a decis\u00e3o da Copa Rio, neste domingo, contra o Urubu"},"content":{"rendered":"<p><\/p>\n<div>\n<div>\n<p>Sub-16: Treinador Luan Moreira projeta a decis\u00e3o da Copa Rio, neste domingo, contra o Urubu<\/p>\n<p>S\u00e1bado, 28\/06\/2025  \u2013 20:34<\/p>\n<div class=\"corpo\">Vasco Base @vascobase<\/p>\n<p>Fala, professor! \ud83d\udde3\ufe0f<\/p>\n<p>Luan Moreira, t\u00e9cnico do sub-16, projetou a decis\u00e3o da Copa Rio da categoria, que acontece neste domingo, contra o Flamengo, \u00e0s 10h, na G\u00e1vea.\n<\/p>\n<p>\ud83d\udcfa Partida sem transmiss\u00e3o!\n<\/p>\n<p>#BaseForte<\/p>\n<p>#VascoDaGama\n<\/p>\n<p><center><\/center><\/p>\n<p>Fonte: X oficial Vasco Base<\/p>\n<\/div>\n<\/div>\n<p><!-- CONTENT END 2 -->\n<\/div>\n<p><script async defer crossorigin=\"anonymous\" src=\"https:\/\/connect.facebook.net\/pt_BR\/sdk.js#xfbml=1&amp;version=v12.0&amp;appId=114327694422&amp;autoLogAppEvents=1\" nonce=\"4kp7RAsD\"><\/script><\/p>\n","protected":false},"excerpt":{"rendered":"<p>Sub-16: Treinador Luan Moreira projeta a decis\u00e3o da Copa Rio, neste domingo, contra o Urubu S\u00e1bado, 28\/06\/2025 \u2013 20:34 Vasco<\/p>\n","protected":false},"author":1,"featured_media":0,"comment_status":"","ping_status":"","sticky":false,"template":"","format":"standard","meta":{"colormag_page_container_layout":"default_layout","colormag_page_sidebar_layout":"default_layout","footnotes":""},"categories":[1],"tags":[],"class_list":["post-54583","post","type-post","status-publish","format-standard","hentry","category-sem-categoria"],"_links":{"self":[{"href":"https:\/\/euvivoaselecao.com.br\/index.php\/wp-json\/wp\/v2\/posts\/54583","targetHints":{"allow":["GET"]}}],"collection":[{"href":"https:\/\/euvivoaselecao.com.br\/index.php\/wp-json\/wp\/v2\/posts"}],"about":[{"href":"https:\/\/euvivoaselecao.com.br\/index.php\/wp-json\/wp\/v2\/types\/post"}],"author":[{"embeddable":true,"href":"https:\/\/euvivoaselecao.com.br\/index.php\/wp-json\/wp\/v2\/users\/1"}],"replies":[{"embeddable":true,"href":"https:\/\/euvivoaselecao.com.br\/index.php\/wp-json\/wp\/v2\/comments?post=54583"}],"version-history":[{"count":0,"href":"https:\/\/euvivoaselecao.com.br\/index.php\/wp-json\/wp\/v2\/posts\/54583\/revisions"}],"wp:attachment":[{"href":"https:\/\/euvivoaselecao.com.br\/index.php\/wp-json\/wp\/v2\/media?parent=54583"}],"wp:term":[{"taxonomy":"category","embeddable":true,"href":"https:\/\/euvivoaselecao.com.br\/index.php\/wp-json\/wp\/v2\/categories?post=54583"},{"taxonomy":"post_tag","embeddable":true,"href":"https:\/\/euvivoaselecao.com.br\/index.php\/wp-json\/wp\/v2\/tags?post=54583"}],"curies":[{"name":"wp","href":"https:\/\/api.w.org\/{rel}","templated":true}]}}