{"id":54596,"date":"2025-06-29T03:35:20","date_gmt":"2025-06-29T06:35:20","guid":{"rendered":"https:\/\/euvivoaselecao.com.br\/index.php\/2025\/06\/29\/prefeitura-antecipa-salario-de-junho-em-comemoracao-a-sao-pedro\/"},"modified":"2025-06-29T03:35:20","modified_gmt":"2025-06-29T06:35:20","slug":"prefeitura-antecipa-salario-de-junho-em-comemoracao-a-sao-pedro","status":"publish","type":"post","link":"https:\/\/euvivoaselecao.com.br\/index.php\/2025\/06\/29\/prefeitura-antecipa-salario-de-junho-em-comemoracao-a-sao-pedro\/","title":{"rendered":"Prefeitura antecipa sal\u00e1rio de junho em comemora\u00e7\u00e3o a S\u00e3o Pedro"},"content":{"rendered":"<p><\/p>\n<div wp_automatic_readability=\"19.407650273224\">\n<p>A Prefeitura de Bonito, por meio da Secretaria de Administra\u00e7\u00e3o e Finan\u00e7as, realiza nesta sexta-feira (27) o pagamento antecipado dos sal\u00e1rios dos servidores p\u00fablicos municipais, referente ao m\u00eas de junho de 2025.<\/p>\n<p>A antecipa\u00e7\u00e3o acontece em comemora\u00e7\u00e3o a S\u00e3o Pedro e tem como objetivo fortalecer a economia local durante a 95\u00aa Festa de S\u00e3o Pedro Ap\u00f3stolo, que segue at\u00e9 domingo (29).<\/p>\n<div class=\"code-block code-block-13\" style=\"margin: 8px auto; text-align: center; display: block; clear: both;\">\n<amp-ad width=\"100vw\" height=\"320\" type=\"adsense\" data-ad-client=\"ca-pub-9463444472301664\" data-ad-slot=\"2740239170\" data-auto-format=\"rspv\" data-full-width=\"\"><\/p>\n<p><\/amp-ad>\n<\/div>\n<div class=\"code-block code-block-7\" style=\"margin: 8px 0; clear: both;\">\n SIGA-NOS NO WHATSAPP COM MAIS NOTICIAS <\/p>\n<p><!-- Composite Start\n\n\n<div id=\"M377024ScriptRootC1105590\">\n<\/div>\n\n\n\n<!-- Composite End --> &#8211;&gt;<\/p>\n<\/div>\n<p>Os valores j\u00e1 est\u00e3o dispon\u00edveis para saque na ag\u00eancia e nos caixas eletr\u00f4nicos da Caixa Econ\u00f4mica Federal (CEF).<\/p>\n<div class=\"code-block code-block-10\" style=\"margin: 8px auto; text-align: center; display: block; clear: both;\">\n<amp-embed width=\"600\" height=\"600\" layout=\"responsive\" type=\"mgid\" data-publisher=\"mrnews.com.br\" data-widget=\"1105590\" data-container=\"M377024ScriptRootC1105590\" data-block-on-consent=\"_till_responded\"> <\/amp-embed><br \/>\n<amp-ad width=\"100vw\" height=\"320\" type=\"adsense\" data-ad-client=\"ca-pub-9463444472301664\" data-ad-slot=\"2740239170\" data-auto-format=\"rspv\" data-full-width=\"\"><\/p>\n<p><\/amp-ad><\/p>\n<\/div>\n<div class=\"code-block code-block-6\" style=\"margin: 8px 0; clear: both;\">\n<!-- Composite Start --><\/p>\n<p><!-- Composite End -->\n<\/div>\n<p><strong>Experi\u00eancia educativa do Detran sobre \u00e1lcool e dire\u00e7\u00e3o conscientiza visitantes no Pantanal Tech<\/strong><\/p>\n<p><strong>Dois casos de Brucelose Canina s\u00e3o registrados e Subea alerta para preven\u00e7\u00e3o \u2013 CGNot\u00edcias<\/strong><\/p>\n<div class=\"code-block code-block-14\" style=\"margin: 8px auto; text-align: center; display: block; clear: both;\">\n<amp-ad layout=\"fixed\" width=\"336\" height=\"280\" type=\"adsense\" data-ad-client=\"ca-pub-9463444472301664\" data-ad-slot=\"3283796203\"><br \/>\n<\/amp-ad>\n<\/div>\n<p>O pagamento da folha salarial em dia \u00e9 um compromisso da gest\u00e3o do prefeito Josmail Rodrigues com os servidores e com o equil\u00edbrio financeiro do munic\u00edpio.<\/p>\n<\/div>\n","protected":false},"excerpt":{"rendered":"<p>A Prefeitura de Bonito, por meio da Secretaria de Administra\u00e7\u00e3o e Finan\u00e7as, realiza nesta sexta-feira (27) o pagamento antecipado dos<\/p>\n","protected":false},"author":2,"featured_media":0,"comment_status":"","ping_status":"","sticky":false,"template":"","format":"standard","meta":{"colormag_page_container_layout":"default_layout","colormag_page_sidebar_layout":"default_layout","footnotes":""},"categories":[],"tags":[],"class_list":["post-54596","post","type-post","status-publish","format-standard","hentry"],"_links":{"self":[{"href":"https:\/\/euvivoaselecao.com.br\/index.php\/wp-json\/wp\/v2\/posts\/54596","targetHints":{"allow":["GET"]}}],"collection":[{"href":"https:\/\/euvivoaselecao.com.br\/index.php\/wp-json\/wp\/v2\/posts"}],"about":[{"href":"https:\/\/euvivoaselecao.com.br\/index.php\/wp-json\/wp\/v2\/types\/post"}],"author":[{"embeddable":true,"href":"https:\/\/euvivoaselecao.com.br\/index.php\/wp-json\/wp\/v2\/users\/2"}],"replies":[{"embeddable":true,"href":"https:\/\/euvivoaselecao.com.br\/index.php\/wp-json\/wp\/v2\/comments?post=54596"}],"version-history":[{"count":0,"href":"https:\/\/euvivoaselecao.com.br\/index.php\/wp-json\/wp\/v2\/posts\/54596\/revisions"}],"wp:attachment":[{"href":"https:\/\/euvivoaselecao.com.br\/index.php\/wp-json\/wp\/v2\/media?parent=54596"}],"wp:term":[{"taxonomy":"category","embeddable":true,"href":"https:\/\/euvivoaselecao.com.br\/index.php\/wp-json\/wp\/v2\/categories?post=54596"},{"taxonomy":"post_tag","embeddable":true,"href":"https:\/\/euvivoaselecao.com.br\/index.php\/wp-json\/wp\/v2\/tags?post=54596"}],"curies":[{"name":"wp","href":"https:\/\/api.w.org\/{rel}","templated":true}]}}