{"id":54651,"date":"2025-06-29T15:30:14","date_gmt":"2025-06-29T18:30:14","guid":{"rendered":"https:\/\/euvivoaselecao.com.br\/index.php\/2025\/06\/29\/brasil-adere-a-declaracao-sobre-direitos-da-populacao-lgbtqia\/"},"modified":"2025-06-29T15:30:14","modified_gmt":"2025-06-29T18:30:14","slug":"brasil-adere-a-declaracao-sobre-direitos-da-populacao-lgbtqia","status":"publish","type":"post","link":"https:\/\/euvivoaselecao.com.br\/index.php\/2025\/06\/29\/brasil-adere-a-declaracao-sobre-direitos-da-populacao-lgbtqia\/","title":{"rendered":"Brasil adere a declara\u00e7\u00e3o sobre direitos da popula\u00e7\u00e3o LGBTQIA+"},"content":{"rendered":"<p><\/p>\n<div wp_automatic_readability=\"43.238841978287\">\n<p>O Minist\u00e9rio das Rela\u00e7\u00f5es Exteriores informou, pelas redes sociais, que o Brasil aderiu \u00e0 declara\u00e7\u00e3o conjunta proposta pela Espanha em favor dos direitos das pessoas LGBTQIA+.<\/p>\n<p>Al\u00e9m dos governos brasileiro e espanhol, o comunicado foi assinado pelos representantes da Col\u00f4mbia, Austr\u00e1lia, B\u00e9lgica, Cabo Verde, Canad\u00e1, Chile, Eslov\u00eania, Isl\u00e2ndia, Irlanda, Noruega, Holanda, Portugal e Uruguai.<\/p>\n<p>De acordo com o texto divulgado pelo governo espanhol, <strong>o Brasil e mais 14 pa\u00edses unem esfor\u00e7os pela promo\u00e7\u00e3o de pol\u00edticas de diversidade e de combate \u00e0 viol\u00eancia<\/strong>. O comunicado foi elaborado em alus\u00e3o ao Dia Internacional do Orgulho LGBTQIA+, comemorado nesse s\u00e1bado (28).<\/p>\n<p><strong>STF pede que Rio d\u00ea explica\u00e7\u00f5es sobre lei que cria guarda civil armada<\/strong><\/p>\n<p><strong>Dona Zica, 92 anos: da inf\u00e2ncia como dom\u00e9stica \u00e0 lideran\u00e7a sindical<\/strong><\/p>\n<blockquote wp_automatic_readability=\"8\">\n<p>\u201cReiteramos nosso compromisso com o respeito aos direitos humanos das pessoas LGBTQIA+ para que sua igualdade na lei seja indiscut\u00edvel e para que nenhuma pessoa seja criminalmente perseguida ou discriminada por raz\u00e3o de sua orienta\u00e7\u00e3o sexual e identidade de g\u00eanero\u201d, diz a declara\u00e7\u00e3o.<\/p>\n<\/blockquote>\n<p>De acordo com o governo brasileiro, a ades\u00e3o mostra o comprometimento do pa\u00eds com a promo\u00e7\u00e3o da igualdade e o combate \u00e0 discrimina\u00e7\u00e3o.<\/p>\n<p>\u201cAo apoiar essa declara\u00e7\u00e3o, o Brasil reafirma o seu compromisso em atuar no plano multilateral para promover avan\u00e7os e impedir retrocessos nos direitos da popula\u00e7\u00e3o LGBTQIA+\u201d, declarou o Itamaraty.<\/p>\n<p>\u00a0<\/p>\n<p><strong>Itaipu lan\u00e7ar\u00e1 novo edital para atender projetos em 434 munic\u00edpios<\/strong><\/p>\n<p><strong>Parceria destina R$ 299 milh\u00f5es para agricultura familiar na Bahia<\/strong><\/p>\n<\/div>\n","protected":false},"excerpt":{"rendered":"<p>O Minist\u00e9rio das Rela\u00e7\u00f5es Exteriores informou, pelas redes sociais, que o Brasil aderiu \u00e0 declara\u00e7\u00e3o conjunta proposta pela Espanha em<\/p>\n","protected":false},"author":2,"featured_media":0,"comment_status":"","ping_status":"","sticky":false,"template":"","format":"standard","meta":{"colormag_page_container_layout":"default_layout","colormag_page_sidebar_layout":"default_layout","footnotes":""},"categories":[],"tags":[],"class_list":["post-54651","post","type-post","status-publish","format-standard","hentry"],"_links":{"self":[{"href":"https:\/\/euvivoaselecao.com.br\/index.php\/wp-json\/wp\/v2\/posts\/54651","targetHints":{"allow":["GET"]}}],"collection":[{"href":"https:\/\/euvivoaselecao.com.br\/index.php\/wp-json\/wp\/v2\/posts"}],"about":[{"href":"https:\/\/euvivoaselecao.com.br\/index.php\/wp-json\/wp\/v2\/types\/post"}],"author":[{"embeddable":true,"href":"https:\/\/euvivoaselecao.com.br\/index.php\/wp-json\/wp\/v2\/users\/2"}],"replies":[{"embeddable":true,"href":"https:\/\/euvivoaselecao.com.br\/index.php\/wp-json\/wp\/v2\/comments?post=54651"}],"version-history":[{"count":0,"href":"https:\/\/euvivoaselecao.com.br\/index.php\/wp-json\/wp\/v2\/posts\/54651\/revisions"}],"wp:attachment":[{"href":"https:\/\/euvivoaselecao.com.br\/index.php\/wp-json\/wp\/v2\/media?parent=54651"}],"wp:term":[{"taxonomy":"category","embeddable":true,"href":"https:\/\/euvivoaselecao.com.br\/index.php\/wp-json\/wp\/v2\/categories?post=54651"},{"taxonomy":"post_tag","embeddable":true,"href":"https:\/\/euvivoaselecao.com.br\/index.php\/wp-json\/wp\/v2\/tags?post=54651"}],"curies":[{"name":"wp","href":"https:\/\/api.w.org\/{rel}","templated":true}]}}