{"id":54694,"date":"2025-06-30T01:17:09","date_gmt":"2025-06-30T04:17:09","guid":{"rendered":"https:\/\/euvivoaselecao.com.br\/index.php\/2025\/06\/30\/especulado-no-vasco-matias-sepulveda-pode-ter-multa-rescisoria-com-a-universidad-de-chile-aumentada\/"},"modified":"2025-06-30T01:17:09","modified_gmt":"2025-06-30T04:17:09","slug":"especulado-no-vasco-matias-sepulveda-pode-ter-multa-rescisoria-com-a-universidad-de-chile-aumentada","status":"publish","type":"post","link":"https:\/\/euvivoaselecao.com.br\/index.php\/2025\/06\/30\/especulado-no-vasco-matias-sepulveda-pode-ter-multa-rescisoria-com-a-universidad-de-chile-aumentada\/","title":{"rendered":"Especulado no Vasco, Mat\u00edas Sep\u00falveda pode ter multa rescis\u00f3ria com a Universidad de Chile aumentada"},"content":{"rendered":"<p><\/p>\n<div>\n<p>Especulado no Vasco, Mat\u00edas Sep\u00falveda pode ter multa rescis\u00f3ria com a Universidad de Chile aumentada<\/p>\n<div>Ante el inter\u00e9s de Vasco Da Gama: Universidad de Chile le puso precio a Mat\u00edas Sep\u00falveda con miras a posible venta al exterior<\/p>\n<p>El club azul no quiere dejar partir al lateral izquierdo tan f\u00e1cilmente.\n<\/p>\n<p>Universidad de Chile tiene jugadores que han tenido un alto rendimiento en esta primera mitad del a\u00f1o tanto como en el medio nacional como en Copa Libertadores.\n<\/p>\n<p>Entre ellos est\u00e1 Mat\u00edas Sep\u00falveda, quien tom\u00f3 la posici\u00f3n de lateral izquierdo titular y se transform\u00f3 en pieza fundamental para Gustavo \u00c1lvarez, teniendo partidos de buen nivel y sacando ventajas tanto defensiva como ofensivamente.\n<\/p>\n<p>Y debido a este buen nivel, Vasco Da Gama se interes\u00f3 en Mat\u00edas Sep\u00falveda. Pero seg\u00fan inform\u00f3 En Cancha, la U dejar\u00e1 partir al lateral solo si es que el club interesado desembolsa dos millones de d\u00f3lares, precio que impusieron para vender al jugador azul.\n<\/p>\n<p>Mat\u00edas Sep\u00falveda tiene contrato vigente hasta fines de 2026, teniendo una cl\u00e1usula de salida de menos de un mill\u00f3n de d\u00f3lares, pero Azul Azul tiene un acuerdo verbal con el representante para negociar una renovaci\u00f3n y subir la cl\u00e1usula.\n<\/p>\n<p>El lateral por izquierda de 26 a\u00f1os ha disputado 23 partidos en este a\u00f1o, anotando dos goles y cuatro asistencias.\n<\/p>\n<p>Fonte: OneFootball<\/p>\n<\/div>\n<p><!-- CONTENT END 2 -->\n<\/div>\n<p><script async defer crossorigin=\"anonymous\" src=\"https:\/\/connect.facebook.net\/pt_BR\/sdk.js#xfbml=1&amp;version=v12.0&amp;appId=114327694422&amp;autoLogAppEvents=1\" nonce=\"4kp7RAsD\"><\/script><\/p>\n","protected":false},"excerpt":{"rendered":"<p>Especulado no Vasco, Mat\u00edas Sep\u00falveda pode ter multa rescis\u00f3ria com a Universidad de Chile aumentada Ante el inter\u00e9s de Vasco<\/p>\n","protected":false},"author":1,"featured_media":0,"comment_status":"","ping_status":"","sticky":false,"template":"","format":"standard","meta":{"colormag_page_container_layout":"default_layout","colormag_page_sidebar_layout":"default_layout","footnotes":""},"categories":[1],"tags":[],"class_list":["post-54694","post","type-post","status-publish","format-standard","hentry","category-sem-categoria"],"_links":{"self":[{"href":"https:\/\/euvivoaselecao.com.br\/index.php\/wp-json\/wp\/v2\/posts\/54694","targetHints":{"allow":["GET"]}}],"collection":[{"href":"https:\/\/euvivoaselecao.com.br\/index.php\/wp-json\/wp\/v2\/posts"}],"about":[{"href":"https:\/\/euvivoaselecao.com.br\/index.php\/wp-json\/wp\/v2\/types\/post"}],"author":[{"embeddable":true,"href":"https:\/\/euvivoaselecao.com.br\/index.php\/wp-json\/wp\/v2\/users\/1"}],"replies":[{"embeddable":true,"href":"https:\/\/euvivoaselecao.com.br\/index.php\/wp-json\/wp\/v2\/comments?post=54694"}],"version-history":[{"count":0,"href":"https:\/\/euvivoaselecao.com.br\/index.php\/wp-json\/wp\/v2\/posts\/54694\/revisions"}],"wp:attachment":[{"href":"https:\/\/euvivoaselecao.com.br\/index.php\/wp-json\/wp\/v2\/media?parent=54694"}],"wp:term":[{"taxonomy":"category","embeddable":true,"href":"https:\/\/euvivoaselecao.com.br\/index.php\/wp-json\/wp\/v2\/categories?post=54694"},{"taxonomy":"post_tag","embeddable":true,"href":"https:\/\/euvivoaselecao.com.br\/index.php\/wp-json\/wp\/v2\/tags?post=54694"}],"curies":[{"name":"wp","href":"https:\/\/api.w.org\/{rel}","templated":true}]}}