{"id":54696,"date":"2025-06-30T01:59:33","date_gmt":"2025-06-30T04:59:33","guid":{"rendered":"https:\/\/euvivoaselecao.com.br\/index.php\/2025\/06\/30\/judo-vascainos-conquistam-6-ouros-e-1-prata-no-campeonato-brasileiro-cadete-em-salvador\/"},"modified":"2025-06-30T01:59:33","modified_gmt":"2025-06-30T04:59:33","slug":"judo-vascainos-conquistam-6-ouros-e-1-prata-no-campeonato-brasileiro-cadete-em-salvador","status":"publish","type":"post","link":"https:\/\/euvivoaselecao.com.br\/index.php\/2025\/06\/30\/judo-vascainos-conquistam-6-ouros-e-1-prata-no-campeonato-brasileiro-cadete-em-salvador\/","title":{"rendered":"Jud\u00f4: Vasca\u00ednos conquistam 6 ouros e 1 prata no Campeonato Brasileiro Cadete em Salvador"},"content":{"rendered":"<p><\/p>\n<p>Jud\u00f4: Vasca\u00ednos conquistam 6 ouros e 1 prata no Campeonato Brasileiro Cadete em Salvador<\/p>\n<div>umbravascojudorj<\/p>\n<p>\ud83e\udd47 Jud\u00f4: Campeonato Brasileiro Cadete de Jud\u00f4 2025 \u2013 Salvador (BA) \ud83e\udd4b\n<\/p>\n<p>Neste final de semana aconteceu o Campeonato Brasileiro Cadetes em Salvador \u2013 Bahia! Ap\u00f3s lutas intensas, nossa Equipe representou com for\u00e7a o Rio de Janeiro e encerrou sua participa\u00e7\u00e3o com resultados expressivos! \ud83e\udd4b\n<\/p>\n<p>\ud83e\udd47 O destaque no Masculino ficou para Victor Silva (-55kg) , que fez uma campanha brilhante, foi novamente campe\u00e3o brasileiro individual e ainda ajudou o Rio a conquistar o t\u00edtulo por Equipes Mistas, repetindo o feito do ano passado: Double Gold! \ud83e\udd47\ud83e\udd47\n<\/p>\n<p>\ud83e\udd47 J\u00e1 no Feminino, Laryssa Fonseca (-63kg) foi Campe\u00e3 Brasileira por Equipes Mistas e garantiu a prata no Individual, mostrando toda sua evolu\u00e7\u00e3o e maturidade em alto n\u00edvel! \ud83e\udd48\n<\/p>\n<p>Com o fechamento do ranking nacional, Victor e Laryssa s\u00e3o fortes candidatos para uma poss\u00edvel convoca\u00e7\u00e3o para o Campeonato Mundial Cadete! \ud83c\udf0d\ud83c\udde7\ud83c\uddf7\n<\/p>\n<p>Nosso time ainda contou com:\n<\/p>\n<p>\ud83e\udd47 Thiago Santos (+90kg) \u2013 Campe\u00e3o Brasileiro por Equipes Mistas e 5\u00b0 lugar individual<\/p>\n<p>\ud83e\udd47 Rafael Fonseca (-81kg) \u2013 Campe\u00e3o Brasileiro por Equipes Mistas e 7\u00b0 lugar individual<\/p>\n<p>\ud83e\udd47 Arthur Nespoli (-55kg) \u2013 Campe\u00e3o Brasileiro por Equipes Mistas<\/p>\n<p>\u2022 Emmanuel Carvalho (-73kg) \u2013 participa\u00e7\u00e3o\n<\/p>\n<p>Al\u00e9m dos resultados individuais, nossos atletas foram Campe\u00f5es Brasileiros por Equipes Mistas, sendo decisivos para ajudar o Rio de Janeiro a conquistar o Bicampeonato! \ud83d\udd25\ud83e\udd47\n<\/p>\n<p>A delega\u00e7\u00e3o foi acompanhada pelos treinadores Andr\u00e9 Amorelli e Fabricio Amorelli, que fizeram parte como treinadores da Sele\u00e7\u00e3o Carioca neste evento \ud83d\udc54\n<\/p>\n<p>\ud83d\udde3 \u201cVer o Victor repetir o Double Gold e a Laryssa chegar \u00e0 final nacional \u00e9 a prova de que estamos no caminho certo. Esse grupo tem identidade, trabalho e sonhos grandes. Tenho muito orgulho de cada um deles.\u201d\n<\/p>\n<p>\u2014 Fabricio Amorelli, Coordenador da Equipe de Jud\u00f4\n<\/p>\n<p>\ud83d\udc4a Seguimos trabalhando, sonhando e acreditando!\n<\/p>\n<p>#UMBRAJudo #VascoJudo #VictorSilva #LaryssaFonseca #Jud\u00f4Cadete #CBJ #DoubleGold #EquipeForte #Jud\u00f4Carioca #FabricaDeTalentos #RumoAoMundial\n<\/p>\n<p>Fonte: Instagram Umbra\/Vasco da Gama<br \/><b>Time Jud\u00f4 Rio brilha forte e vence o Brasileiro Cadete no individual geral, no feminino e por equipes mistas<\/b>\n<\/p>\n<p>O Time Jud\u00f4 Rio viveu mais um grande momento em sua hist\u00f3ria neste fim de semana, dias 28 e 29 de junho, na AABB Salvador (Bahia), durante o Campeonato Brasileiro Cadete, que recebeu 481 judocas de 27 unidades federativas. A jornada vitoriosa do Jud\u00f4 Rio na principal competi\u00e7\u00e3o nacional Sub-18 come\u00e7ou no s\u00e1bado, com a lideran\u00e7a no individual geral (5 ouros, 2 pratas e 2 bronzes), o t\u00edtulo no individual feminino (3 ouros, 2 pratas e 1 bronze) e a 3\u00aa coloca\u00e7\u00e3o no masculino (2 ouros e 1 bronze), com o mesmo n\u00famero de ouros da representa\u00e7\u00e3o campe\u00e3. No domingo, mais um grande triunfo, com o t\u00edtulo por equipes mistas ap\u00f3s superar os times de Par\u00e1, Bahia e Santa Catarina (todos por 5 a 0), Paran\u00e1 (5 a 1) e S\u00e3o Paulo (5 a 2). Diretor T\u00e9cnico da FJERJ e Chefe da Delega\u00e7\u00e3o, Gabriel Cardozo celebrou a fa\u00e7anha:\n<\/p>\n<p>\u201cFicamos na 1\u00aa coloca\u00e7\u00e3o em 3 das 4 disputas, sem d\u00favidas um feito hist\u00f3rico e que reflete o trabalho magn\u00edfico que tem sido feito em todas as camadas do Jud\u00f4 do Rio de Janeiro. Essa campanha \u00e9 fruto da seriedade e da dedica\u00e7\u00e3o dos nossos jovens judocas, do conhecimento dos nossos treinadores na forma\u00e7\u00e3o da nova gera\u00e7\u00e3o e dos crit\u00e9rios adotados pela Federa\u00e7\u00e3o para que a comunidade do Jud\u00f4 Rio sempre seja representada da melhor forma nas competi\u00e7\u00f5es nacionais\u201d.\n<\/p>\n<p>Com as respectivas agremia\u00e7\u00f5es de filia\u00e7\u00e3o e categorias de peso, as l\u00e1ureas do Jud\u00f4 Rio na capital baiana vieram com os ouros de Victor Silva (Umbra-Vasco \/ ligeiro), Manuela Maia (Flamengo \/ meio-m\u00e9dio), Ruan Vasconcelos (Flamengo \/ m\u00e9dio), Clarisse Vallim (Flamengo \/ meio-pesado) e \u00c1gatha Paix\u00e3o (Rea\u00e7\u00e3o \/ pesado), as pratas de Gabriela Pereira (Rea\u00e7\u00e3o \/ meio-m\u00e9dio) e Laryssa Fonseca (Umbra-Vasco \/ m\u00e9dio) e os bronzes de Oliver Ferreira (Rea\u00e7\u00e3o \/ super-ligeiro) e Sarah Pereira (Flamengo \/ meio-m\u00e9dio).\n<\/p>\n<p>Veja, abaixo, as classifica\u00e7\u00f5es e resultados individuais do Campeonato Brasileiro Cadete.\n<\/p>\n<p><b>Classifica\u00e7\u00e3o<\/b><\/p>\n<p><b>Resultados<\/b>\n<\/p>\n<p>Fonte: FJERJ<\/p>\n<\/div>\n<p><script async defer crossorigin=\"anonymous\" src=\"https:\/\/connect.facebook.net\/pt_BR\/sdk.js#xfbml=1&amp;version=v12.0&amp;appId=114327694422&amp;autoLogAppEvents=1\" nonce=\"4kp7RAsD\"><\/script><\/p>\n","protected":false},"excerpt":{"rendered":"<p>Jud\u00f4: Vasca\u00ednos conquistam 6 ouros e 1 prata no Campeonato Brasileiro Cadete em Salvador umbravascojudorj \ud83e\udd47 Jud\u00f4: Campeonato Brasileiro Cadete<\/p>\n","protected":false},"author":1,"featured_media":0,"comment_status":"","ping_status":"","sticky":false,"template":"","format":"standard","meta":{"colormag_page_container_layout":"default_layout","colormag_page_sidebar_layout":"default_layout","footnotes":""},"categories":[1],"tags":[],"class_list":["post-54696","post","type-post","status-publish","format-standard","hentry","category-sem-categoria"],"_links":{"self":[{"href":"https:\/\/euvivoaselecao.com.br\/index.php\/wp-json\/wp\/v2\/posts\/54696","targetHints":{"allow":["GET"]}}],"collection":[{"href":"https:\/\/euvivoaselecao.com.br\/index.php\/wp-json\/wp\/v2\/posts"}],"about":[{"href":"https:\/\/euvivoaselecao.com.br\/index.php\/wp-json\/wp\/v2\/types\/post"}],"author":[{"embeddable":true,"href":"https:\/\/euvivoaselecao.com.br\/index.php\/wp-json\/wp\/v2\/users\/1"}],"replies":[{"embeddable":true,"href":"https:\/\/euvivoaselecao.com.br\/index.php\/wp-json\/wp\/v2\/comments?post=54696"}],"version-history":[{"count":0,"href":"https:\/\/euvivoaselecao.com.br\/index.php\/wp-json\/wp\/v2\/posts\/54696\/revisions"}],"wp:attachment":[{"href":"https:\/\/euvivoaselecao.com.br\/index.php\/wp-json\/wp\/v2\/media?parent=54696"}],"wp:term":[{"taxonomy":"category","embeddable":true,"href":"https:\/\/euvivoaselecao.com.br\/index.php\/wp-json\/wp\/v2\/categories?post=54696"},{"taxonomy":"post_tag","embeddable":true,"href":"https:\/\/euvivoaselecao.com.br\/index.php\/wp-json\/wp\/v2\/tags?post=54696"}],"curies":[{"name":"wp","href":"https:\/\/api.w.org\/{rel}","templated":true}]}}