{"id":54699,"date":"2025-06-30T03:22:38","date_gmt":"2025-06-30T06:22:38","guid":{"rendered":"https:\/\/euvivoaselecao.com.br\/index.php\/2025\/06\/30\/prefeitura-alerta-que-vacinacao-em-dia-e-garantia-de-ferias-tranquilas\/"},"modified":"2025-06-30T03:22:38","modified_gmt":"2025-06-30T06:22:38","slug":"prefeitura-alerta-que-vacinacao-em-dia-e-garantia-de-ferias-tranquilas","status":"publish","type":"post","link":"https:\/\/euvivoaselecao.com.br\/index.php\/2025\/06\/30\/prefeitura-alerta-que-vacinacao-em-dia-e-garantia-de-ferias-tranquilas\/","title":{"rendered":"Prefeitura alerta que vacina\u00e7\u00e3o em dia \u00e9 garantia de f\u00e9rias tranquilas"},"content":{"rendered":"<p><\/p>\n<div>\n<p>Com a chegada das f\u00e9rias escolares e o aumento das viagens em fam\u00edlia, a Secretaria de Sa\u00fade de Jo\u00e3o Pessoa refor\u00e7a o alerta sobre a import\u00e2ncia de manter a caderneta de vacina\u00e7\u00e3o atualizada, das crian\u00e7as, adultos e idosos. Al\u00e9m de ser uma medida fundamental de prote\u00e7\u00e3o individual, a vacina\u00e7\u00e3o contribui para a seguran\u00e7a de todos, principalmente durante os deslocamentos para outras cidades ou estados.<\/p>\n<figure class=\"wp-block-gallery has-nested-images columns-default is-cropped wp-block-gallery-1 is-layout-flex wp-block-gallery-is-layout-flex\">\n<figure class=\"wp-block-image size-large\"><\/figure>\n<figure class=\"wp-block-image size-large\"><\/figure>\n<\/figure>\n<p>Fernando Virgolino, chefe da Se\u00e7\u00e3o de Imuniza\u00e7\u00e3o da Prefeitura de Jo\u00e3o Pessoa informa que estar com o esquema vacinal completo \u00e9 essencial para prevenir o surgimento e a dissemina\u00e7\u00e3o de doen\u00e7as que j\u00e1 foram controladas ou eliminadas no pa\u00eds, a exemplo do sarampo e da poliomielite. \u201cAinda, nesse per\u00edodo mais frio \u00e9 onde temos muitos casos de doen\u00e7as sazonais, com o aumento de casos de s\u00edndromes gripais e, portanto, \u00e9 importante tamb\u00e9m estar protegidos com as doses da Influenza e Covid-19, seguindo a recomenda\u00e7\u00e3o e indica\u00e7\u00e3o para cada vacina\u201d, disse o coordenador.<\/p>\n<p>Nesse per\u00edodo de f\u00e9rias, entre junho e agosto, aumenta o fluxo de pessoas em aeroportos, rodovi\u00e1rias e outros espa\u00e7os coletivos, elevando tamb\u00e9m o risco de exposi\u00e7\u00e3o a v\u00edrus e bact\u00e9rias. \u201cA vacina\u00e7\u00e3o \u00e9 uma forma simples, segura e eficaz de proteger n\u00e3o apenas quem recebe a vacina, mas toda a popula\u00e7\u00e3o, com destaque a prote\u00e7\u00e3o dos grupos mais vulner\u00e1veis e que precisam estar protegidos. \u00c9 um ato de responsabilidade com a sa\u00fade de todos\u201d, ressaltou o chefe da Imuniza\u00e7\u00e3o.<\/p>\n<p><strong>Vacinas do viajante<\/strong> \u2013 Quem vai se deslocar para outros estados ou para o exterior precisa estar atento as vacinas espec\u00edficas, exigidas em alguns destinos. Para viagens internacionais, o viajante deve incluir o cart\u00e3o de vacina\u00e7\u00e3o entre os documentos de viagem que \u00e9 necess\u00e1rio dispor do Certificado Internacional de Vacina\u00e7\u00e3o e Profilaxia (CIVP), exigido para ingresso em alguns pa\u00edses.<\/p>\n<p>No caso da prote\u00e7\u00e3o contra a febre amarela \u00e9 recomendada para viagens a \u00e1reas end\u00eamicas. A dose deve ser tomada com pelo menos 10 dias de anteced\u00eancia. Para Covid-19, a vacina deve ser administrada para quem faz parte do grupo priorit\u00e1rios e crian\u00e7as menores de 5 anos. A atualiza\u00e7\u00e3o do esquema vacinal, com doses de refor\u00e7o, continua sendo fundamental.<\/p>\n<p>N\u00e3o h\u00e1 calend\u00e1rio internacional de vacina\u00e7\u00e3o \u00fanica que contemple todos os viajantes. Por isso, os imunizantes s\u00e3o indicados por cada pa\u00eds e s\u00e3o constantemente atualizados para garantir a cobertura de doen\u00e7as end\u00eamicas, dessa forma, \u00e9 necess\u00e1rio conferir o destino antes de sair de casa e levar os documentos exigidos por cada pa\u00eds ou estado de destino.<\/p>\n<p>A Ag\u00eancia Nacional de Vigil\u00e2ncia Sanit\u00e1ria (Anvisa) orienta os turistas brasileiros que garantam sua prote\u00e7\u00e3o, principalmente, com as vacinas contra febre amarela, poliomielite, tr\u00edplice bacteriana\u00a0(contra t\u00e9tano, difteria e coqueluche), Covid-19, tr\u00edplice viral (sarampo, caxumba e rub\u00e9ola) e hepatite A e B. O alerta vale tanto para viagens nacionais quanto internacionais.<\/p>\n<p>\u201cA orienta\u00e7\u00e3o \u00e9 procurar um servi\u00e7o de sa\u00fade antes da viagem para avalia\u00e7\u00e3o do cart\u00e3o de vacina e orienta\u00e7\u00f5es espec\u00edficas e quando necess\u00e1rio atualizar com as doses necess\u00e1rias e recomendas para o destino do viajante\u201d, completou o coordenador de Imuniza\u00e7\u00e3o da Prefeitura de Jo\u00e3o Pessoa.<\/p>\n<p><strong>Nos servi\u00e7os de Sa\u00fade \u2013<\/strong> Durante o per\u00edodo de recesso escolar, al\u00e9m da imuniza\u00e7\u00e3o, nos servi\u00e7os de sa\u00fade \u00e9 poss\u00edvel realizar acompanhamento do crescimento, atualiza\u00e7\u00e3o de peso e altura, e receber orienta\u00e7\u00f5es preventivas gerais, com cuidados de sa\u00fade bucal, nutri\u00e7\u00e3o e outras assist\u00eancias necess\u00e1rias para a sa\u00fade da crian\u00e7a. \u201c\u00c9 um momento ideal para cuidar da sa\u00fade da crian\u00e7a de forma integral. As equipes est\u00e3o preparadas para orientar e atender toda a popula\u00e7\u00e3o\u201d, orientou a t\u00e9cnica de enfermagem Maria da Paz de Oliveira Mendon\u00e7a, que atua na sala de vacina da Unidade de Sa\u00fade S\u00e3o Jos\u00e9.<\/p>\n<p><strong>Onde se vacinar:<\/strong><\/p>\n<p><strong>Unidades de Sa\u00fade da Fam\u00edlia (USFs)<\/strong><\/p>\n<p>Todas as vacinas do calend\u00e1rio de rotina<\/p>\n<p>Vacinas de campanha:<\/p>\n<p>\u2013 Dengue: adolescentes de 10 a 14 anos;<\/p>\n<p>\u2013 Influenza: Toda a popula\u00e7\u00e3o acima de seis meses de idade;<\/p>\n<p>\u2013 Covid-19: crian\u00e7as menores de 5 anos e grupos priorit\u00e1rios;<\/p>\n<p>\u2013 HPV: campanha de atualiza\u00e7\u00e3o para o p\u00fablico de 9 a 19 anos.<\/p>\n<p>Hor\u00e1rio: 7h \u00e0s 11h e das 12h \u00e0s 16h<\/p>\n<p><strong>USF Integrada Cruz das Armas<\/strong><\/p>\n<p>\u2013 Todas as vacinas do calend\u00e1rio de rotina e campanhas ativas<\/p>\n<p>\u2013 Vacina\u00e7\u00e3o contra Covid-19 de crian\u00e7as menores de 5 anos e grupos priorit\u00e1rios<\/p>\n<p>Hor\u00e1rio: 7h \u00e0s 11h e das 12h \u00e0s 16h<\/p>\n<p><strong>Policl\u00ednicas Municipais<\/strong><\/p>\n<p>Todas as vacinas do calend\u00e1rio de rotina<\/p>\n<p>Vacinas de campanha:<\/p>\n<p>\u2013 Dengue: adolescentes de 10 a 14 anos;<\/p>\n<p>\u2013 Influenza: Toda a popula\u00e7\u00e3o acima de seis meses de idade;<\/p>\n<p>\u2013 Covid-19: crian\u00e7as menores de 5 anos e grupos priorit\u00e1rios;<\/p>\n<p>\u2013 HPV: campanha de atualiza\u00e7\u00e3o para o p\u00fablico de 9 a 19 anos.<\/p>\n<p>Hor\u00e1rio: 8h \u00e0s 16h<\/p>\n<p><strong>Centro Municipal de Imuniza\u00e7\u00e3o<\/strong><\/p>\n<p>Todas as vacinas do calend\u00e1rio de rotina<\/p>\n<p>Vacinas de campanha:<\/p>\n<p>\u2013 Dengue: adolescentes de 10 a 14 anos;<\/p>\n<p>\u2013 Influenza: Toda a popula\u00e7\u00e3o acima de seis meses de idade;<\/p>\n<p>\u2013 Covid-19: crian\u00e7as menores de 5 anos e grupos priorit\u00e1rios;<\/p>\n<p>\u2013 HPV: campanha de atualiza\u00e7\u00e3o para o p\u00fablico de 9 a 19 anos.<\/p>\n<p>Hor\u00e1rio: 8h \u00e0s 16h<\/p>\n<p><strong>Home Center Ferreira Costa<\/strong><\/p>\n<p>Todas as vacinas do calend\u00e1rio de rotina<\/p>\n<p>Vacinas de campanha:<\/p>\n<p>\u2013 Influenza: Toda a popula\u00e7\u00e3o acima de seis meses de idade;<\/p>\n<p>\u2013 Covid-19: crian\u00e7as menores de 5 anos e grupos priorit\u00e1rios;<\/p>\n<p>\u2013 HPV: campanha de atualiza\u00e7\u00e3o para o p\u00fablico de 9 a 19 anos.<\/p>\n<p>Hor\u00e1rio: 12h \u00e0s 21h (segunda a sexta-feira) e das 8h \u00e0s 16h (aos s\u00e1bados)<\/p>\n<p><strong>Shopping Sul<\/strong><\/p>\n<p>Todas as vacinas do calend\u00e1rio de rotina<\/p>\n<p>Vacinas de campanha:<\/p>\n<p>\u2013 Influenza: Toda a popula\u00e7\u00e3o acima de seis meses de idade;<\/p>\n<p>\u2013 Covid-19: crian\u00e7as menores de 5 anos e grupos priorit\u00e1rios;<\/p>\n<p>\u2013 HPV: campanha de atualiza\u00e7\u00e3o para o p\u00fablico de 9 a 19 anos.<\/p>\n<p>Hor\u00e1rio: 12h \u00e0s 21h (segunda a sexta-feira) e das 10h \u00e0s 16h (aos s\u00e1bados)<\/p>\n<p><strong>Shopping Tambi\u00e1<\/strong><\/p>\n<p>Todas as vacinas do calend\u00e1rio de rotina<\/p>\n<p>Vacinas de campanha:<\/p>\n<p>\u2013 Influenza: Toda a popula\u00e7\u00e3o acima de seis meses de idade;<\/p>\n<p>\u2013 Covid-19: crian\u00e7as menores de 5 anos e grupos priorit\u00e1rios;<\/p>\n<p>\u2013 HPV: campanha de atualiza\u00e7\u00e3o para o p\u00fablico de 9 a 19 anos.<\/p>\n<p>Hor\u00e1rio: 12h \u00e0s 20h (segunda a sexta-feira) e das 9h \u00e0s 16h (aos s\u00e1bados)<\/p>\n<p><strong>Vacina\u00e7\u00e3o Domiciliar<\/strong><\/p>\n<p>Para ter acesso \u00e0 vacina\u00e7\u00e3o domiciliar, o cidad\u00e3o deve fazer o agendamento pelo aplicativo \u2018Jo\u00e3o Pessoa na Palma da M\u00e3o\u2019. A vacina\u00e7\u00e3o nas resid\u00eancias \u00e9 destinada \u00e0s pessoas acamadas (restritas ao leito).<\/p>\n<\/p><\/div>\n","protected":false},"excerpt":{"rendered":"<p>Com a chegada das f\u00e9rias escolares e o aumento das viagens em fam\u00edlia, a Secretaria de Sa\u00fade de Jo\u00e3o Pessoa<\/p>\n","protected":false},"author":1,"featured_media":0,"comment_status":"","ping_status":"","sticky":false,"template":"","format":"standard","meta":{"colormag_page_container_layout":"default_layout","colormag_page_sidebar_layout":"default_layout","footnotes":""},"categories":[1],"tags":[],"class_list":["post-54699","post","type-post","status-publish","format-standard","hentry","category-sem-categoria"],"_links":{"self":[{"href":"https:\/\/euvivoaselecao.com.br\/index.php\/wp-json\/wp\/v2\/posts\/54699","targetHints":{"allow":["GET"]}}],"collection":[{"href":"https:\/\/euvivoaselecao.com.br\/index.php\/wp-json\/wp\/v2\/posts"}],"about":[{"href":"https:\/\/euvivoaselecao.com.br\/index.php\/wp-json\/wp\/v2\/types\/post"}],"author":[{"embeddable":true,"href":"https:\/\/euvivoaselecao.com.br\/index.php\/wp-json\/wp\/v2\/users\/1"}],"replies":[{"embeddable":true,"href":"https:\/\/euvivoaselecao.com.br\/index.php\/wp-json\/wp\/v2\/comments?post=54699"}],"version-history":[{"count":0,"href":"https:\/\/euvivoaselecao.com.br\/index.php\/wp-json\/wp\/v2\/posts\/54699\/revisions"}],"wp:attachment":[{"href":"https:\/\/euvivoaselecao.com.br\/index.php\/wp-json\/wp\/v2\/media?parent=54699"}],"wp:term":[{"taxonomy":"category","embeddable":true,"href":"https:\/\/euvivoaselecao.com.br\/index.php\/wp-json\/wp\/v2\/categories?post=54699"},{"taxonomy":"post_tag","embeddable":true,"href":"https:\/\/euvivoaselecao.com.br\/index.php\/wp-json\/wp\/v2\/tags?post=54699"}],"curies":[{"name":"wp","href":"https:\/\/api.w.org\/{rel}","templated":true}]}}