{"id":54701,"date":"2025-06-30T04:05:01","date_gmt":"2025-06-30T07:05:01","guid":{"rendered":"https:\/\/euvivoaselecao.com.br\/index.php\/2025\/06\/30\/uniao-da-norte-e-sitio-bom-jesus-disputam-o-titulo-da-4a-divisao\/"},"modified":"2025-06-30T04:05:01","modified_gmt":"2025-06-30T07:05:01","slug":"uniao-da-norte-e-sitio-bom-jesus-disputam-o-titulo-da-4a-divisao","status":"publish","type":"post","link":"https:\/\/euvivoaselecao.com.br\/index.php\/2025\/06\/30\/uniao-da-norte-e-sitio-bom-jesus-disputam-o-titulo-da-4a-divisao\/","title":{"rendered":"Uni\u00e3o da Norte e S\u00edtio Bom Jesus disputam o t\u00edtulo da 4\u00aa Divis\u00e3o"},"content":{"rendered":"<p><\/p>\n<div>\n<p><b>Nei Jos\u00e9 Sant&#8217;Anna<\/b><br \/>&#13;<br \/>\n&#13;<br \/>\n                <span style=\"font-weight: bold;\">Esporte e Qualidade de Vida<\/span><\/p>\n<p>A grande final da 4\u00aa Divis\u00e3o da Copa Popular de S\u00e3o Jos\u00e9 dos Campos promete muita emo\u00e7\u00e3o neste domingo (29). Uni\u00e3o da Norte e S\u00edtio Bom Jesus entram em campo para decidir quem levanta a ta\u00e7a da competi\u00e7\u00e3o, em confronto marcado para o Centro Esportivo Vale do Sol, na regi\u00e3o sul da cidade, a partir das 10h.<\/p>\n<p data-start=\"393\" data-end=\"615\">As duas equipes chegam \u00e0 final com campanhas id\u00eanticas: 26 pontos em 11 jogos, com 8 vit\u00f3rias, 2 empates e apenas 1 derrota. O equil\u00edbrio na pontua\u00e7\u00e3o refor\u00e7a a expectativa de uma partida disputada e de alto n\u00edvel t\u00e9cnico.<\/p>\n<p data-start=\"393\" data-end=\"615\"><sub>O S\u00edtio Bom Jesus conta com o artilheiro da competi\u00e7\u00e3o<\/sub><\/p>\n<p data-start=\"617\" data-end=\"817\">O Uni\u00e3o da Norte ostenta os melhores n\u00fameros da competi\u00e7\u00e3o. Tem o ataque mais positivo, com 43 gols marcados, e a defesa menos vazada, com apenas 6 gols sofridos.<\/p>\n<p data-start=\"819\" data-end=\"1005\">Na artilharia, o destaque \u00e9 Kayky Santos, do S\u00edtio Bom Jesus, que lidera a lista com 11 gols anotados. Logo atr\u00e1s aparece Nicolas Ferreira, do Uni\u00e3o da Norte, vice artilheiro com 9 gols.<\/p>\n<p data-start=\"1007\" data-end=\"1235\" data-is-last-node=\"\" data-is-only-node=\"\">A Copa Popular \u00e9 promovida pela Prefeitura de S\u00e3o Jos\u00e9 dos Campos, por meio da Secretaria de Esporte e Qualidade de Vida.<\/p>\n<p>\u00a0<\/p>\n<p>&#13;<br \/>\n                        <strong>MAIS NOT\u00cdCIAS<\/strong><br \/>&#13;<br \/>\n                        Esporte e Qualidade de Vida&#13;\n                    <\/p>\n<\/p><\/div>\n","protected":false},"excerpt":{"rendered":"<p>Nei Jos\u00e9 Sant&#8217;Anna&#13; &#13; Esporte e Qualidade de Vida A grande final da 4\u00aa Divis\u00e3o da Copa Popular de S\u00e3o<\/p>\n","protected":false},"author":1,"featured_media":0,"comment_status":"","ping_status":"","sticky":false,"template":"","format":"standard","meta":{"colormag_page_container_layout":"default_layout","colormag_page_sidebar_layout":"default_layout","footnotes":""},"categories":[1],"tags":[],"class_list":["post-54701","post","type-post","status-publish","format-standard","hentry","category-sem-categoria"],"_links":{"self":[{"href":"https:\/\/euvivoaselecao.com.br\/index.php\/wp-json\/wp\/v2\/posts\/54701","targetHints":{"allow":["GET"]}}],"collection":[{"href":"https:\/\/euvivoaselecao.com.br\/index.php\/wp-json\/wp\/v2\/posts"}],"about":[{"href":"https:\/\/euvivoaselecao.com.br\/index.php\/wp-json\/wp\/v2\/types\/post"}],"author":[{"embeddable":true,"href":"https:\/\/euvivoaselecao.com.br\/index.php\/wp-json\/wp\/v2\/users\/1"}],"replies":[{"embeddable":true,"href":"https:\/\/euvivoaselecao.com.br\/index.php\/wp-json\/wp\/v2\/comments?post=54701"}],"version-history":[{"count":0,"href":"https:\/\/euvivoaselecao.com.br\/index.php\/wp-json\/wp\/v2\/posts\/54701\/revisions"}],"wp:attachment":[{"href":"https:\/\/euvivoaselecao.com.br\/index.php\/wp-json\/wp\/v2\/media?parent=54701"}],"wp:term":[{"taxonomy":"category","embeddable":true,"href":"https:\/\/euvivoaselecao.com.br\/index.php\/wp-json\/wp\/v2\/categories?post=54701"},{"taxonomy":"post_tag","embeddable":true,"href":"https:\/\/euvivoaselecao.com.br\/index.php\/wp-json\/wp\/v2\/tags?post=54701"}],"curies":[{"name":"wp","href":"https:\/\/api.w.org\/{rel}","templated":true}]}}