{"id":54795,"date":"2025-06-30T23:18:12","date_gmt":"2025-07-01T02:18:12","guid":{"rendered":"https:\/\/euvivoaselecao.com.br\/index.php\/2025\/06\/30\/sucesso-total-prefeitura-estancia-turistica-guaratingueta\/"},"modified":"2025-06-30T23:18:12","modified_gmt":"2025-07-01T02:18:12","slug":"sucesso-total-prefeitura-estancia-turistica-guaratingueta","status":"publish","type":"post","link":"https:\/\/euvivoaselecao.com.br\/index.php\/2025\/06\/30\/sucesso-total-prefeitura-estancia-turistica-guaratingueta\/","title":{"rendered":"Sucesso total! \u2013 Prefeitura Est\u00e2ncia Tur\u00edstica Guaratinguet\u00e1"},"content":{"rendered":"<p><\/p>\n<div>\n<p>Sucesso total!<br \/>Encerradas as inscri\u00e7\u00f5es para tradicional Corrida 9 de Julho<\/p>\n<p>As inscri\u00e7\u00f5es para a Corrida 9 de Julho, uma das mais tradicionais do Brasil, j\u00e1 est\u00e3o encerradas. Agradecemos a todos que se inscreveram e demonstraram seu entusiasmo por essa grande celebra\u00e7\u00e3o esportiva que acontece no nosso munic\u00edpio no dia 9 de julho, a partir das 7h30 da manh\u00e3.<br \/>Lembramos que foram 1.000 vagas gratuitas, e a retirada do kit ser\u00e1 no dia 8 de julho, na Secretaria de Esportes. N\u00e3o se esque\u00e7a de levar 1kg de alimento n\u00e3o perec\u00edvel para ajudar quem mais precisa.<br \/>Fiquem atentos \u00e0s pr\u00f3ximas novidades e parab\u00e9ns por fazerem parte dessa tradi\u00e7\u00e3o em Guaratinguet\u00e1!<\/p>\n<p>#Guaratinguet\u00e1 #Corrida9DeJulho #Esporte #Comunidade #JuntosPorNossaCidade<\/p>\n<\/p><\/div>\n","protected":false},"excerpt":{"rendered":"<p>Sucesso total!Encerradas as inscri\u00e7\u00f5es para tradicional Corrida 9 de Julho As inscri\u00e7\u00f5es para a Corrida 9 de Julho, uma das<\/p>\n","protected":false},"author":1,"featured_media":0,"comment_status":"","ping_status":"","sticky":false,"template":"","format":"standard","meta":{"colormag_page_container_layout":"default_layout","colormag_page_sidebar_layout":"default_layout","footnotes":""},"categories":[1],"tags":[],"class_list":["post-54795","post","type-post","status-publish","format-standard","hentry","category-sem-categoria"],"_links":{"self":[{"href":"https:\/\/euvivoaselecao.com.br\/index.php\/wp-json\/wp\/v2\/posts\/54795","targetHints":{"allow":["GET"]}}],"collection":[{"href":"https:\/\/euvivoaselecao.com.br\/index.php\/wp-json\/wp\/v2\/posts"}],"about":[{"href":"https:\/\/euvivoaselecao.com.br\/index.php\/wp-json\/wp\/v2\/types\/post"}],"author":[{"embeddable":true,"href":"https:\/\/euvivoaselecao.com.br\/index.php\/wp-json\/wp\/v2\/users\/1"}],"replies":[{"embeddable":true,"href":"https:\/\/euvivoaselecao.com.br\/index.php\/wp-json\/wp\/v2\/comments?post=54795"}],"version-history":[{"count":0,"href":"https:\/\/euvivoaselecao.com.br\/index.php\/wp-json\/wp\/v2\/posts\/54795\/revisions"}],"wp:attachment":[{"href":"https:\/\/euvivoaselecao.com.br\/index.php\/wp-json\/wp\/v2\/media?parent=54795"}],"wp:term":[{"taxonomy":"category","embeddable":true,"href":"https:\/\/euvivoaselecao.com.br\/index.php\/wp-json\/wp\/v2\/categories?post=54795"},{"taxonomy":"post_tag","embeddable":true,"href":"https:\/\/euvivoaselecao.com.br\/index.php\/wp-json\/wp\/v2\/tags?post=54795"}],"curies":[{"name":"wp","href":"https:\/\/api.w.org\/{rel}","templated":true}]}}